{"id":4436,"date":"2021-04-05T08:58:22","date_gmt":"2021-04-05T06:58:22","guid":{"rendered":"https:\/\/www.montendre.se\/?p=4436"},"modified":"2021-04-05T20:07:22","modified_gmt":"2021-04-05T18:07:22","slug":"4-april-2021","status":"publish","type":"post","link":"https:\/\/www.montendre.se\/?p=4436","title":{"rendered":"4 april 2021"},"content":{"rendered":"<p>Flyget gick vid ett-tiden och vi var p\u00e5 Arlanda i god tid eftersom det var manuell incheckning f\u00f6r alla p\u00e5 grund av att alla icke-fransm\u00e4n skulle visa upp negativt covid-test.<\/p>\n<p>Allt gick bra och vid bytet i Paris fick vi visa v\u00e5ra negativa covid-test igen. Framme i Bordeaux vid halv sex-tiden. 20 grader och sol.<\/p>\n<p>Fint i tr\u00e4dg\u00e5rden. Lite spridda irisar och tulpaner:<\/p>\n<p><a href=\"https:\/\/www.montendre.se\/wp-content\/uploads\/2021\/04\/IMG_9524.jpeg\"><img loading=\"lazy\" decoding=\"async\" class=\"size-medium wp-image-4438 aligncenter\" src=\"https:\/\/www.montendre.se\/wp-content\/uploads\/2021\/04\/IMG_9524-300x225.jpeg\" alt=\"\" width=\"300\" height=\"225\" srcset=\"https:\/\/www.montendre.se\/wp-content\/uploads\/2021\/04\/IMG_9524-300x225.jpeg 300w, https:\/\/www.montendre.se\/wp-content\/uploads\/2021\/04\/IMG_9524-1024x768.jpeg 1024w, https:\/\/www.montendre.se\/wp-content\/uploads\/2021\/04\/IMG_9524-768x576.jpeg 768w, https:\/\/www.montendre.se\/wp-content\/uploads\/2021\/04\/IMG_9524-268x200.jpeg 268w, https:\/\/www.montendre.se\/wp-content\/uploads\/2021\/04\/IMG_9524-700x525.jpeg 700w, https:\/\/www.montendre.se\/wp-content\/uploads\/2021\/04\/IMG_9524.jpeg 1280w\" sizes=\"(max-width: 300px) 100vw, 300px\" \/><\/a><\/p>\n<p><a href=\"https:\/\/www.montendre.se\/wp-content\/uploads\/2021\/04\/IMG_9525.jpeg\"><img loading=\"lazy\" decoding=\"async\" class=\"size-medium wp-image-4439 aligncenter\" src=\"https:\/\/www.montendre.se\/wp-content\/uploads\/2021\/04\/IMG_9525-225x300.jpeg\" alt=\"\" width=\"225\" height=\"300\" srcset=\"https:\/\/www.montendre.se\/wp-content\/uploads\/2021\/04\/IMG_9525-225x300.jpeg 225w, https:\/\/www.montendre.se\/wp-content\/uploads\/2021\/04\/IMG_9525-768x1024.jpeg 768w, https:\/\/www.montendre.se\/wp-content\/uploads\/2021\/04\/IMG_9525-700x933.jpeg 700w, https:\/\/www.montendre.se\/wp-content\/uploads\/2021\/04\/IMG_9525.jpeg 960w\" sizes=\"(max-width: 225px) 100vw, 225px\" \/><\/a><a href=\"https:\/\/www.montendre.se\/wp-content\/uploads\/2021\/04\/IMG_9525.jpeg\"><br \/>\n<\/a>Och s\u00e5 ginsten:<\/p>\n<p><a href=\"https:\/\/www.montendre.se\/wp-content\/uploads\/2021\/04\/IMG_9526.jpeg\"><img loading=\"lazy\" decoding=\"async\" class=\"aligncenter size-medium wp-image-4440\" src=\"https:\/\/www.montendre.se\/wp-content\/uploads\/2021\/04\/IMG_9526-300x225.jpeg\" alt=\"\" width=\"300\" height=\"225\" srcset=\"https:\/\/www.montendre.se\/wp-content\/uploads\/2021\/04\/IMG_9526-300x225.jpeg 300w, https:\/\/www.montendre.se\/wp-content\/uploads\/2021\/04\/IMG_9526-1024x768.jpeg 1024w, https:\/\/www.montendre.se\/wp-content\/uploads\/2021\/04\/IMG_9526-768x576.jpeg 768w, https:\/\/www.montendre.se\/wp-content\/uploads\/2021\/04\/IMG_9526-268x200.jpeg 268w, https:\/\/www.montendre.se\/wp-content\/uploads\/2021\/04\/IMG_9526-700x525.jpeg 700w, https:\/\/www.montendre.se\/wp-content\/uploads\/2021\/04\/IMG_9526.jpeg 1280w\" sizes=\"(max-width: 300px) 100vw, 300px\" \/><\/a>Och fint blommande ogr\u00e4s:<\/p>\n<p><a href=\"https:\/\/www.montendre.se\/wp-content\/uploads\/2021\/04\/IMG_9527.jpeg\"><img loading=\"lazy\" decoding=\"async\" class=\"aligncenter size-medium wp-image-4441\" src=\"https:\/\/www.montendre.se\/wp-content\/uploads\/2021\/04\/IMG_9527-225x300.jpeg\" alt=\"\" width=\"225\" height=\"300\" srcset=\"https:\/\/www.montendre.se\/wp-content\/uploads\/2021\/04\/IMG_9527-225x300.jpeg 225w, https:\/\/www.montendre.se\/wp-content\/uploads\/2021\/04\/IMG_9527-768x1024.jpeg 768w, https:\/\/www.montendre.se\/wp-content\/uploads\/2021\/04\/IMG_9527-700x933.jpeg 700w, https:\/\/www.montendre.se\/wp-content\/uploads\/2021\/04\/IMG_9527.jpeg 960w\" sizes=\"(max-width: 225px) 100vw, 225px\" \/><\/a>Och syrenerna har b\u00f6rjat blomma:<\/p>\n<p><a href=\"https:\/\/www.montendre.se\/wp-content\/uploads\/2021\/04\/IMG_9529.jpeg\"><img loading=\"lazy\" decoding=\"async\" class=\"aligncenter size-medium wp-image-4442\" src=\"https:\/\/www.montendre.se\/wp-content\/uploads\/2021\/04\/IMG_9529-225x300.jpeg\" alt=\"\" width=\"225\" height=\"300\" srcset=\"https:\/\/www.montendre.se\/wp-content\/uploads\/2021\/04\/IMG_9529-225x300.jpeg 225w, https:\/\/www.montendre.se\/wp-content\/uploads\/2021\/04\/IMG_9529-768x1024.jpeg 768w, https:\/\/www.montendre.se\/wp-content\/uploads\/2021\/04\/IMG_9529-700x933.jpeg 700w, https:\/\/www.montendre.se\/wp-content\/uploads\/2021\/04\/IMG_9529.jpeg 960w\" sizes=\"(max-width: 225px) 100vw, 225px\" \/><\/a>K\u00f6rsb\u00e4rsplommonen har redan sm\u00e5 frukter:<\/p>\n<p><a href=\"https:\/\/www.montendre.se\/wp-content\/uploads\/2021\/04\/IMG_9530.jpeg\"><img loading=\"lazy\" decoding=\"async\" class=\"aligncenter size-medium wp-image-4443\" src=\"https:\/\/www.montendre.se\/wp-content\/uploads\/2021\/04\/IMG_9530-225x300.jpeg\" alt=\"\" width=\"225\" height=\"300\" srcset=\"https:\/\/www.montendre.se\/wp-content\/uploads\/2021\/04\/IMG_9530-225x300.jpeg 225w, https:\/\/www.montendre.se\/wp-content\/uploads\/2021\/04\/IMG_9530-768x1024.jpeg 768w, https:\/\/www.montendre.se\/wp-content\/uploads\/2021\/04\/IMG_9530-700x933.jpeg 700w, https:\/\/www.montendre.se\/wp-content\/uploads\/2021\/04\/IMG_9530.jpeg 960w\" sizes=\"(max-width: 225px) 100vw, 225px\" \/><\/a>\u00c4ppeltr\u00e4det och p\u00e4rontr\u00e4det blommar:<\/p>\n<p><a href=\"https:\/\/www.montendre.se\/wp-content\/uploads\/2021\/04\/IMG_9533.jpeg\"><img loading=\"lazy\" decoding=\"async\" class=\"aligncenter size-medium wp-image-4444\" src=\"https:\/\/www.montendre.se\/wp-content\/uploads\/2021\/04\/IMG_9533-225x300.jpeg\" alt=\"\" width=\"225\" height=\"300\" srcset=\"https:\/\/www.montendre.se\/wp-content\/uploads\/2021\/04\/IMG_9533-225x300.jpeg 225w, https:\/\/www.montendre.se\/wp-content\/uploads\/2021\/04\/IMG_9533-768x1024.jpeg 768w, https:\/\/www.montendre.se\/wp-content\/uploads\/2021\/04\/IMG_9533-700x933.jpeg 700w, https:\/\/www.montendre.se\/wp-content\/uploads\/2021\/04\/IMG_9533.jpeg 960w\" sizes=\"(max-width: 225px) 100vw, 225px\" \/><\/a> <a href=\"https:\/\/www.montendre.se\/wp-content\/uploads\/2021\/04\/IMG_9535.jpeg\"><img loading=\"lazy\" decoding=\"async\" class=\"aligncenter size-medium wp-image-4445\" src=\"https:\/\/www.montendre.se\/wp-content\/uploads\/2021\/04\/IMG_9535-225x300.jpeg\" alt=\"\" width=\"225\" height=\"300\" srcset=\"https:\/\/www.montendre.se\/wp-content\/uploads\/2021\/04\/IMG_9535-225x300.jpeg 225w, https:\/\/www.montendre.se\/wp-content\/uploads\/2021\/04\/IMG_9535-768x1024.jpeg 768w, https:\/\/www.montendre.se\/wp-content\/uploads\/2021\/04\/IMG_9535-700x933.jpeg 700w, https:\/\/www.montendre.se\/wp-content\/uploads\/2021\/04\/IMG_9535.jpeg 960w\" sizes=\"(max-width: 225px) 100vw, 225px\" \/><\/a>Och linden har precis b\u00f6rjat sl\u00e5 ut.<\/p>\n<p><a href=\"https:\/\/www.montendre.se\/wp-content\/uploads\/2021\/04\/IMG_9536.jpeg\"><img loading=\"lazy\" decoding=\"async\" class=\"aligncenter size-medium wp-image-4446\" src=\"https:\/\/www.montendre.se\/wp-content\/uploads\/2021\/04\/IMG_9536-225x300.jpeg\" alt=\"\" width=\"225\" height=\"300\" srcset=\"https:\/\/www.montendre.se\/wp-content\/uploads\/2021\/04\/IMG_9536-225x300.jpeg 225w, https:\/\/www.montendre.se\/wp-content\/uploads\/2021\/04\/IMG_9536-768x1024.jpeg 768w, https:\/\/www.montendre.se\/wp-content\/uploads\/2021\/04\/IMG_9536-700x933.jpeg 700w, https:\/\/www.montendre.se\/wp-content\/uploads\/2021\/04\/IMG_9536.jpeg 960w\" sizes=\"(max-width: 225px) 100vw, 225px\" \/><\/a>Helgdag och st\u00e4ngt i matbutiken s\u00e5 vi k\u00e4kade lite av den &#8221;n\u00f6dmat&#8221; vi hade hemma. Pasta med auberginer\u00f6ra.<\/p>\n","protected":false},"excerpt":{"rendered":"<p>Flyget gick vid ett-tiden och vi var p\u00e5 Arlanda i god tid eftersom det var manuell incheckning f\u00f6r alla p\u00e5 grund av att alla icke-fransm\u00e4n skulle visa upp negativt covid-test. Allt gick bra och vid bytet i Paris fick vi visa v\u00e5ra negativa covid-test igen. Framme i Bordeaux vid halv &#8230;<\/p>\n","protected":false},"author":1,"featured_media":0,"comment_status":"open","ping_status":"open","sticky":false,"template":"","format":"standard","meta":{"jetpack_post_was_ever_published":false,"_jetpack_newsletter_access":"","_jetpack_dont_email_post_to_subs":false,"_jetpack_newsletter_tier_id":0,"footnotes":""},"categories":[68],"tags":[],"jetpack_sharing_enabled":true,"jetpack_featured_media_url":"","_links":{"self":[{"href":"https:\/\/www.montendre.se\/index.php?rest_route=\/wp\/v2\/posts\/4436"}],"collection":[{"href":"https:\/\/www.montendre.se\/index.php?rest_route=\/wp\/v2\/posts"}],"about":[{"href":"https:\/\/www.montendre.se\/index.php?rest_route=\/wp\/v2\/types\/post"}],"author":[{"embeddable":true,"href":"https:\/\/www.montendre.se\/index.php?rest_route=\/wp\/v2\/users\/1"}],"replies":[{"embeddable":true,"href":"https:\/\/www.montendre.se\/index.php?rest_route=%2Fwp%2Fv2%2Fcomments&post=4436"}],"version-history":[{"count":2,"href":"https:\/\/www.montendre.se\/index.php?rest_route=\/wp\/v2\/posts\/4436\/revisions"}],"predecessor-version":[{"id":4447,"href":"https:\/\/www.montendre.se\/index.php?rest_route=\/wp\/v2\/posts\/4436\/revisions\/4447"}],"wp:attachment":[{"href":"https:\/\/www.montendre.se\/index.php?rest_route=%2Fwp%2Fv2%2Fmedia&parent=4436"}],"wp:term":[{"taxonomy":"category","embeddable":true,"href":"https:\/\/www.montendre.se\/index.php?rest_route=%2Fwp%2Fv2%2Fcategories&post=4436"},{"taxonomy":"post_tag","embeddable":true,"href":"https:\/\/www.montendre.se\/index.php?rest_route=%2Fwp%2Fv2%2Ftags&post=4436"}],"curies":[{"name":"wp","href":"https:\/\/api.w.org\/{rel}","templated":true}]}}