{"id":4398,"date":"2021-01-07T20:04:04","date_gmt":"2021-01-07T19:04:04","guid":{"rendered":"https:\/\/www.montendre.se\/?p=4398"},"modified":"2021-01-07T20:04:04","modified_gmt":"2021-01-07T19:04:04","slug":"7-januari-2021","status":"publish","type":"post","link":"https:\/\/www.montendre.se\/?p=4398","title":{"rendered":"7 januari 2021"},"content":{"rendered":"<p>Soligt men kyligt, 4 grader.<\/p>\n<p>Gick p\u00e5 marknaden och handlade mat.<\/p>\n<p>L piffade till badrummet d\u00e4r nere s\u00e5 det \u00e4r anv\u00e4ndbart igen.<\/p>\n<p><a href=\"https:\/\/www.montendre.se\/wp-content\/uploads\/2021\/01\/IMG_9458.jpeg\"><img loading=\"lazy\" decoding=\"async\" class=\"aligncenter size-medium wp-image-4399\" src=\"https:\/\/www.montendre.se\/wp-content\/uploads\/2021\/01\/IMG_9458-225x300.jpeg\" alt=\"\" width=\"225\" height=\"300\" srcset=\"https:\/\/www.montendre.se\/wp-content\/uploads\/2021\/01\/IMG_9458-225x300.jpeg 225w, https:\/\/www.montendre.se\/wp-content\/uploads\/2021\/01\/IMG_9458-768x1024.jpeg 768w, https:\/\/www.montendre.se\/wp-content\/uploads\/2021\/01\/IMG_9458-700x933.jpeg 700w, https:\/\/www.montendre.se\/wp-content\/uploads\/2021\/01\/IMG_9458.jpeg 960w\" sizes=\"(max-width: 225px) 100vw, 225px\" \/><\/a><\/p>\n<p>Och s\u00e5 m\u00e5lade hon lite i toan nere f\u00f6r att sedan st\u00e4lla dit en hylla och ha lite st\u00e4dmaterial d\u00e4r.<\/p>\n<p><a href=\"https:\/\/www.montendre.se\/wp-content\/uploads\/2021\/01\/IMG_9456.jpeg\"><img loading=\"lazy\" decoding=\"async\" class=\"aligncenter size-medium wp-image-4400\" src=\"https:\/\/www.montendre.se\/wp-content\/uploads\/2021\/01\/IMG_9456-300x225.jpeg\" alt=\"\" width=\"300\" height=\"225\" srcset=\"https:\/\/www.montendre.se\/wp-content\/uploads\/2021\/01\/IMG_9456-300x225.jpeg 300w, https:\/\/www.montendre.se\/wp-content\/uploads\/2021\/01\/IMG_9456-1024x768.jpeg 1024w, https:\/\/www.montendre.se\/wp-content\/uploads\/2021\/01\/IMG_9456-768x576.jpeg 768w, https:\/\/www.montendre.se\/wp-content\/uploads\/2021\/01\/IMG_9456-268x200.jpeg 268w, https:\/\/www.montendre.se\/wp-content\/uploads\/2021\/01\/IMG_9456-700x525.jpeg 700w, https:\/\/www.montendre.se\/wp-content\/uploads\/2021\/01\/IMG_9456.jpeg 1280w\" sizes=\"(max-width: 300px) 100vw, 300px\" \/><\/a><\/p>\n<p>Jag tog tag i utg\u00e5ngen till balkongen fr\u00e5n badrummet. Jag hade ju funderingar p\u00e5 att ta fram stenen i ytterv\u00e4ggen men har sl\u00e4ppt det nu och det blir gipsskiva hela v\u00e4gen ut till d\u00f6rren.<\/p>\n<p><a href=\"https:\/\/www.montendre.se\/wp-content\/uploads\/2021\/01\/IMG_9453.jpeg\"><img loading=\"lazy\" decoding=\"async\" class=\"aligncenter size-medium wp-image-4401\" src=\"https:\/\/www.montendre.se\/wp-content\/uploads\/2021\/01\/IMG_9453-225x300.jpeg\" alt=\"\" width=\"225\" height=\"300\" srcset=\"https:\/\/www.montendre.se\/wp-content\/uploads\/2021\/01\/IMG_9453-225x300.jpeg 225w, https:\/\/www.montendre.se\/wp-content\/uploads\/2021\/01\/IMG_9453-768x1024.jpeg 768w, https:\/\/www.montendre.se\/wp-content\/uploads\/2021\/01\/IMG_9453-700x933.jpeg 700w, https:\/\/www.montendre.se\/wp-content\/uploads\/2021\/01\/IMG_9453.jpeg 960w\" sizes=\"(max-width: 225px) 100vw, 225px\" \/><\/a><\/p>\n<p><a href=\"https:\/\/www.montendre.se\/wp-content\/uploads\/2021\/01\/IMG_9451.jpeg\"><img loading=\"lazy\" decoding=\"async\" class=\"aligncenter size-medium wp-image-4402\" src=\"https:\/\/www.montendre.se\/wp-content\/uploads\/2021\/01\/IMG_9451-225x300.jpeg\" alt=\"\" width=\"225\" height=\"300\" srcset=\"https:\/\/www.montendre.se\/wp-content\/uploads\/2021\/01\/IMG_9451-225x300.jpeg 225w, https:\/\/www.montendre.se\/wp-content\/uploads\/2021\/01\/IMG_9451-768x1024.jpeg 768w, https:\/\/www.montendre.se\/wp-content\/uploads\/2021\/01\/IMG_9451-700x933.jpeg 700w, https:\/\/www.montendre.se\/wp-content\/uploads\/2021\/01\/IMG_9451.jpeg 960w\" sizes=\"(max-width: 225px) 100vw, 225px\" \/><\/a><\/p>\n<p>Vi var ute i tr\u00e4dg\u00e5rden ett tag ocks\u00e5 och klippte akacian. F\u00f6re, efter.<\/p>\n<p><a href=\"https:\/\/www.montendre.se\/wp-content\/uploads\/2021\/01\/IMG_9446.jpeg\"><img loading=\"lazy\" decoding=\"async\" class=\"size-medium wp-image-4403 alignleft\" src=\"https:\/\/www.montendre.se\/wp-content\/uploads\/2021\/01\/IMG_9446-300x225.jpeg\" alt=\"\" width=\"300\" height=\"225\" srcset=\"https:\/\/www.montendre.se\/wp-content\/uploads\/2021\/01\/IMG_9446-300x225.jpeg 300w, https:\/\/www.montendre.se\/wp-content\/uploads\/2021\/01\/IMG_9446-1024x768.jpeg 1024w, https:\/\/www.montendre.se\/wp-content\/uploads\/2021\/01\/IMG_9446-768x576.jpeg 768w, https:\/\/www.montendre.se\/wp-content\/uploads\/2021\/01\/IMG_9446-268x200.jpeg 268w, https:\/\/www.montendre.se\/wp-content\/uploads\/2021\/01\/IMG_9446-700x525.jpeg 700w, https:\/\/www.montendre.se\/wp-content\/uploads\/2021\/01\/IMG_9446.jpeg 1280w\" sizes=\"(max-width: 300px) 100vw, 300px\" \/><\/a><a href=\"https:\/\/www.montendre.se\/wp-content\/uploads\/2021\/01\/IMG_9447.jpeg\"><img loading=\"lazy\" decoding=\"async\" class=\"size-medium wp-image-4404 alignright\" src=\"https:\/\/www.montendre.se\/wp-content\/uploads\/2021\/01\/IMG_9447-300x225.jpeg\" alt=\"\" width=\"300\" height=\"225\" srcset=\"https:\/\/www.montendre.se\/wp-content\/uploads\/2021\/01\/IMG_9447-300x225.jpeg 300w, https:\/\/www.montendre.se\/wp-content\/uploads\/2021\/01\/IMG_9447-1024x768.jpeg 1024w, https:\/\/www.montendre.se\/wp-content\/uploads\/2021\/01\/IMG_9447-768x576.jpeg 768w, https:\/\/www.montendre.se\/wp-content\/uploads\/2021\/01\/IMG_9447-268x200.jpeg 268w, https:\/\/www.montendre.se\/wp-content\/uploads\/2021\/01\/IMG_9447-700x525.jpeg 700w, https:\/\/www.montendre.se\/wp-content\/uploads\/2021\/01\/IMG_9447.jpeg 1280w\" sizes=\"(max-width: 300px) 100vw, 300px\" \/><\/a><\/p>\n<p>&nbsp;<\/p>\n<p>&nbsp;<\/p>\n<p>&nbsp;<\/p>\n<p>&nbsp;<\/p>\n<p>&nbsp;<\/p>\n<p>&nbsp;<\/p>\n<p>Fick offerten fr\u00e5n takl\u00e4ggaren, 19357 \u20ac. Ganska svettigt.<\/p>\n<p>Middag hemma f\u00f6rst\u00e5s. Pasta med palourder (vongole-musslor) och ostron till f\u00f6rr\u00e4tt.<\/p>\n<p>&nbsp;<\/p>\n","protected":false},"excerpt":{"rendered":"<p>Soligt men kyligt, 4 grader. Gick p\u00e5 marknaden och handlade mat. L piffade till badrummet d\u00e4r nere s\u00e5 det \u00e4r anv\u00e4ndbart igen. Och s\u00e5 m\u00e5lade hon lite i toan nere f\u00f6r att sedan st\u00e4lla dit en hylla och ha lite st\u00e4dmaterial d\u00e4r. Jag tog tag i utg\u00e5ngen till balkongen fr\u00e5n &#8230;<\/p>\n","protected":false},"author":1,"featured_media":0,"comment_status":"open","ping_status":"open","sticky":false,"template":"","format":"standard","meta":{"jetpack_post_was_ever_published":false,"_jetpack_newsletter_access":"","_jetpack_dont_email_post_to_subs":false,"_jetpack_newsletter_tier_id":0,"footnotes":""},"categories":[67],"tags":[],"jetpack_sharing_enabled":true,"jetpack_featured_media_url":"","_links":{"self":[{"href":"https:\/\/www.montendre.se\/index.php?rest_route=\/wp\/v2\/posts\/4398"}],"collection":[{"href":"https:\/\/www.montendre.se\/index.php?rest_route=\/wp\/v2\/posts"}],"about":[{"href":"https:\/\/www.montendre.se\/index.php?rest_route=\/wp\/v2\/types\/post"}],"author":[{"embeddable":true,"href":"https:\/\/www.montendre.se\/index.php?rest_route=\/wp\/v2\/users\/1"}],"replies":[{"embeddable":true,"href":"https:\/\/www.montendre.se\/index.php?rest_route=%2Fwp%2Fv2%2Fcomments&post=4398"}],"version-history":[{"count":3,"href":"https:\/\/www.montendre.se\/index.php?rest_route=\/wp\/v2\/posts\/4398\/revisions"}],"predecessor-version":[{"id":4408,"href":"https:\/\/www.montendre.se\/index.php?rest_route=\/wp\/v2\/posts\/4398\/revisions\/4408"}],"wp:attachment":[{"href":"https:\/\/www.montendre.se\/index.php?rest_route=%2Fwp%2Fv2%2Fmedia&parent=4398"}],"wp:term":[{"taxonomy":"category","embeddable":true,"href":"https:\/\/www.montendre.se\/index.php?rest_route=%2Fwp%2Fv2%2Fcategories&post=4398"},{"taxonomy":"post_tag","embeddable":true,"href":"https:\/\/www.montendre.se\/index.php?rest_route=%2Fwp%2Fv2%2Ftags&post=4398"}],"curies":[{"name":"wp","href":"https:\/\/api.w.org\/{rel}","templated":true}]}}