{"id":4390,"date":"2021-01-06T20:19:55","date_gmt":"2021-01-06T19:19:55","guid":{"rendered":"https:\/\/www.montendre.se\/?p=4390"},"modified":"2021-01-06T20:20:24","modified_gmt":"2021-01-06T19:20:24","slug":"6-januari-2021","status":"publish","type":"post","link":"https:\/\/www.montendre.se\/?p=4390","title":{"rendered":"6 januari 2021"},"content":{"rendered":"<p>Mulet idag ocks\u00e5 men inte riktigt lika r\u00e5kallt som det varit tidigare.<\/p>\n<p>Satte upp lampa \u00f6ver spegeln i badrummet nere och drog elen.<\/p>\n<p><a href=\"https:\/\/www.montendre.se\/wp-content\/uploads\/2021\/01\/IMG_9442.jpeg\"><img loading=\"lazy\" decoding=\"async\" class=\"aligncenter size-medium wp-image-4391\" src=\"https:\/\/www.montendre.se\/wp-content\/uploads\/2021\/01\/IMG_9442-225x300.jpeg\" alt=\"\" width=\"225\" height=\"300\" srcset=\"https:\/\/www.montendre.se\/wp-content\/uploads\/2021\/01\/IMG_9442-225x300.jpeg 225w, https:\/\/www.montendre.se\/wp-content\/uploads\/2021\/01\/IMG_9442-768x1024.jpeg 768w, https:\/\/www.montendre.se\/wp-content\/uploads\/2021\/01\/IMG_9442-700x933.jpeg 700w, https:\/\/www.montendre.se\/wp-content\/uploads\/2021\/01\/IMG_9442.jpeg 960w\" sizes=\"(max-width: 225px) 100vw, 225px\" \/><\/a><\/p>\n<p>Gick f\u00f6rbi r\u00f6rmokaren Albert (som \u00e4r lite allt-i-allo) f\u00f6r att fr\u00e5ga om han kunde ge offert p\u00e5 att l\u00e4gga om taket p\u00e5 uthuset. Men han hade slutat med att l\u00e4gga tak och rekommenderade en takl\u00e4ggare i grannbyn.<\/p>\n<p>Takl\u00e4ggaren fr\u00e5n grannbyn kom hit och kollade p\u00e5 eftermiddagen och ska skicka offert via mail. Han kommer beh\u00f6va klippa linden en del f\u00f6r att komma fram med lastbil och byggnadsst\u00e4llning. Och han m\u00e5ste g\u00f6ra det p\u00e5 sommaren f\u00f6r att gr\u00e4smattan ska kunna b\u00e4ra en lastbil och d\u00e5 \u00e4r det juli 2022 som \u00e4r det tidigaste han kan g\u00f6ra det.<\/p>\n<p>Ska bli sp\u00e4nnande att se vad den offerten slutar p\u00e5.<\/p>\n<p>Takl\u00e4ggaren ber\u00e4ttade ocks\u00e5 att han lagt om taket \u00e5t n\u00e5gra andra svenskar som hade hus mellan Jonzac och Mirambeau.<\/p>\n<p>Middag hemma, &#8221;Soles \u00e0 la Normande&#8221;, bergtunga.<\/p>\n","protected":false},"excerpt":{"rendered":"<p>Mulet idag ocks\u00e5 men inte riktigt lika r\u00e5kallt som det varit tidigare. Satte upp lampa \u00f6ver spegeln i badrummet nere och drog elen. Gick f\u00f6rbi r\u00f6rmokaren Albert (som \u00e4r lite allt-i-allo) f\u00f6r att fr\u00e5ga om han kunde ge offert p\u00e5 att l\u00e4gga om taket p\u00e5 uthuset. Men han hade slutat &#8230;<\/p>\n","protected":false},"author":1,"featured_media":0,"comment_status":"open","ping_status":"open","sticky":false,"template":"","format":"standard","meta":{"jetpack_post_was_ever_published":false,"_jetpack_newsletter_access":"","_jetpack_dont_email_post_to_subs":false,"_jetpack_newsletter_tier_id":0,"footnotes":""},"categories":[67],"tags":[],"jetpack_sharing_enabled":true,"jetpack_featured_media_url":"","_links":{"self":[{"href":"https:\/\/www.montendre.se\/index.php?rest_route=\/wp\/v2\/posts\/4390"}],"collection":[{"href":"https:\/\/www.montendre.se\/index.php?rest_route=\/wp\/v2\/posts"}],"about":[{"href":"https:\/\/www.montendre.se\/index.php?rest_route=\/wp\/v2\/types\/post"}],"author":[{"embeddable":true,"href":"https:\/\/www.montendre.se\/index.php?rest_route=\/wp\/v2\/users\/1"}],"replies":[{"embeddable":true,"href":"https:\/\/www.montendre.se\/index.php?rest_route=%2Fwp%2Fv2%2Fcomments&post=4390"}],"version-history":[{"count":6,"href":"https:\/\/www.montendre.se\/index.php?rest_route=\/wp\/v2\/posts\/4390\/revisions"}],"predecessor-version":[{"id":4397,"href":"https:\/\/www.montendre.se\/index.php?rest_route=\/wp\/v2\/posts\/4390\/revisions\/4397"}],"wp:attachment":[{"href":"https:\/\/www.montendre.se\/index.php?rest_route=%2Fwp%2Fv2%2Fmedia&parent=4390"}],"wp:term":[{"taxonomy":"category","embeddable":true,"href":"https:\/\/www.montendre.se\/index.php?rest_route=%2Fwp%2Fv2%2Fcategories&post=4390"},{"taxonomy":"post_tag","embeddable":true,"href":"https:\/\/www.montendre.se\/index.php?rest_route=%2Fwp%2Fv2%2Ftags&post=4390"}],"curies":[{"name":"wp","href":"https:\/\/api.w.org\/{rel}","templated":true}]}}