{"id":439,"date":"2013-06-24T22:41:33","date_gmt":"2013-06-24T20:41:33","guid":{"rendered":"http:\/\/www.montendre.se\/?p=439"},"modified":"2013-07-17T14:51:47","modified_gmt":"2013-07-17T12:51:47","slug":"24-juni-2013","status":"publish","type":"post","link":"https:\/\/www.montendre.se\/?p=439","title":{"rendered":"24 juni 2013"},"content":{"rendered":"<p>Idag har det varit mycket b\u00e4ttre v\u00e4der. En hel del sol, betydligt varmare och inget regn. Sk\u00f6nt.<\/p>\n<p>Har mest fixat med f\u00f6nsterluckorna idag. Den nya blir r\u00e4tt bra och grannen Georges var riktigt imponerad \u00f6ver v\u00e5rt arbete!<\/p>\n<p><a href=\"http:\/\/www.montendre.se\/wp-content\/uploads\/2013\/06\/IMG_2615.jpg\"><img loading=\"lazy\" decoding=\"async\" class=\"aligncenter size-medium wp-image-442\" title=\"IMG_2615\" src=\"http:\/\/www.montendre.se\/wp-content\/uploads\/2013\/06\/IMG_2615-300x225.jpg\" alt=\"\" width=\"300\" height=\"225\" srcset=\"https:\/\/www.montendre.se\/wp-content\/uploads\/2013\/06\/IMG_2615-300x225.jpg 300w, https:\/\/www.montendre.se\/wp-content\/uploads\/2013\/06\/IMG_2615-1024x768.jpg 1024w, https:\/\/www.montendre.se\/wp-content\/uploads\/2013\/06\/IMG_2615-268x200.jpg 268w, https:\/\/www.montendre.se\/wp-content\/uploads\/2013\/06\/IMG_2615-700x525.jpg 700w\" sizes=\"(max-width: 300px) 100vw, 300px\" \/><\/a><\/p>\n<p><a href=\"http:\/\/www.montendre.se\/wp-content\/uploads\/2013\/06\/IMG_2617.jpg\"><img loading=\"lazy\" decoding=\"async\" class=\"aligncenter size-medium wp-image-443\" title=\"IMG_2617\" src=\"http:\/\/www.montendre.se\/wp-content\/uploads\/2013\/06\/IMG_2617-225x300.jpg\" alt=\"\" width=\"225\" height=\"300\" srcset=\"https:\/\/www.montendre.se\/wp-content\/uploads\/2013\/06\/IMG_2617-225x300.jpg 225w, https:\/\/www.montendre.se\/wp-content\/uploads\/2013\/06\/IMG_2617-768x1024.jpg 768w, https:\/\/www.montendre.se\/wp-content\/uploads\/2013\/06\/IMG_2617-700x933.jpg 700w\" sizes=\"(max-width: 225px) 100vw, 225px\" \/><\/a><\/p>\n<p>L och Linda har fixat i tr\u00e4dg\u00e5rden. L har rensat vid fikontr\u00e4det och l\u00e4ngst bak i tr\u00e4dg\u00e5rden (nordv\u00e4stra arealen;-). Linda har flyttat runt lite irisar, tagit bort en d\u00f6d syren och planterat blommor i &#8221;urnan&#8221; vid muren.<\/p>\n<p>Jag har \u00e4ven klippt lite p\u00e5 tujah\u00e4cken och s\u00e5gat ner tv\u00e5 till av tujatr\u00e4den.<\/p>\n","protected":false},"excerpt":{"rendered":"<p>Idag har det varit mycket b\u00e4ttre v\u00e4der. En hel del sol, betydligt varmare och inget regn. Sk\u00f6nt. Har mest fixat med f\u00f6nsterluckorna idag. Den nya blir r\u00e4tt bra och grannen Georges var riktigt imponerad \u00f6ver v\u00e5rt arbete! L och Linda har fixat i tr\u00e4dg\u00e5rden. L har rensat vid fikontr\u00e4det och &#8230;<\/p>\n","protected":false},"author":1,"featured_media":0,"comment_status":"open","ping_status":"open","sticky":false,"template":"","format":"standard","meta":{"jetpack_post_was_ever_published":false,"_jetpack_newsletter_access":"","_jetpack_dont_email_post_to_subs":false,"_jetpack_newsletter_tier_id":0,"footnotes":""},"categories":[5],"tags":[],"jetpack_sharing_enabled":true,"jetpack_featured_media_url":"","_links":{"self":[{"href":"https:\/\/www.montendre.se\/index.php?rest_route=\/wp\/v2\/posts\/439"}],"collection":[{"href":"https:\/\/www.montendre.se\/index.php?rest_route=\/wp\/v2\/posts"}],"about":[{"href":"https:\/\/www.montendre.se\/index.php?rest_route=\/wp\/v2\/types\/post"}],"author":[{"embeddable":true,"href":"https:\/\/www.montendre.se\/index.php?rest_route=\/wp\/v2\/users\/1"}],"replies":[{"embeddable":true,"href":"https:\/\/www.montendre.se\/index.php?rest_route=%2Fwp%2Fv2%2Fcomments&post=439"}],"version-history":[{"count":6,"href":"https:\/\/www.montendre.se\/index.php?rest_route=\/wp\/v2\/posts\/439\/revisions"}],"predecessor-version":[{"id":593,"href":"https:\/\/www.montendre.se\/index.php?rest_route=\/wp\/v2\/posts\/439\/revisions\/593"}],"wp:attachment":[{"href":"https:\/\/www.montendre.se\/index.php?rest_route=%2Fwp%2Fv2%2Fmedia&parent=439"}],"wp:term":[{"taxonomy":"category","embeddable":true,"href":"https:\/\/www.montendre.se\/index.php?rest_route=%2Fwp%2Fv2%2Fcategories&post=439"},{"taxonomy":"post_tag","embeddable":true,"href":"https:\/\/www.montendre.se\/index.php?rest_route=%2Fwp%2Fv2%2Ftags&post=439"}],"curies":[{"name":"wp","href":"https:\/\/api.w.org\/{rel}","templated":true}]}}