{"id":4370,"date":"2021-01-03T21:56:50","date_gmt":"2021-01-03T20:56:50","guid":{"rendered":"https:\/\/www.montendre.se\/?p=4370"},"modified":"2021-01-03T21:56:50","modified_gmt":"2021-01-03T20:56:50","slug":"3-januari-2021","status":"publish","type":"post","link":"https:\/\/www.montendre.se\/?p=4370","title":{"rendered":"3 januari 2021"},"content":{"rendered":"<p>Runt nollan p\u00e5 morgonen men sol i alla fall. Mulnade till f\u00f6rst fram\u00e5t fyratiden. Sju grader som varmast.<\/p>\n<p>M\u00e5lat lite lister som var kvar i &#8221;mellanrummet&#8221;.<\/p>\n<p><a href=\"https:\/\/www.montendre.se\/wp-content\/uploads\/2021\/01\/IMG_9420.jpeg\"><img loading=\"lazy\" decoding=\"async\" class=\"aligncenter size-medium wp-image-4371\" src=\"https:\/\/www.montendre.se\/wp-content\/uploads\/2021\/01\/IMG_9420-225x300.jpeg\" alt=\"\" width=\"225\" height=\"300\" srcset=\"https:\/\/www.montendre.se\/wp-content\/uploads\/2021\/01\/IMG_9420-225x300.jpeg 225w, https:\/\/www.montendre.se\/wp-content\/uploads\/2021\/01\/IMG_9420-768x1024.jpeg 768w, https:\/\/www.montendre.se\/wp-content\/uploads\/2021\/01\/IMG_9420-700x933.jpeg 700w, https:\/\/www.montendre.se\/wp-content\/uploads\/2021\/01\/IMG_9420.jpeg 960w\" sizes=\"(max-width: 225px) 100vw, 225px\" \/><\/a><\/p>\n<p>Och f\u00f6rberett m\u00e5lning med spackling l\u00e4ngre bort i korridoren.<\/p>\n<p>Klippt vinet. Bild f\u00f6re klippning.<\/p>\n<p><a href=\"https:\/\/www.montendre.se\/wp-content\/uploads\/2021\/01\/IMG_9421.jpeg\"><img loading=\"lazy\" decoding=\"async\" class=\"aligncenter size-medium wp-image-4373\" src=\"https:\/\/www.montendre.se\/wp-content\/uploads\/2021\/01\/IMG_9421-225x300.jpeg\" alt=\"\" width=\"225\" height=\"300\" srcset=\"https:\/\/www.montendre.se\/wp-content\/uploads\/2021\/01\/IMG_9421-225x300.jpeg 225w, https:\/\/www.montendre.se\/wp-content\/uploads\/2021\/01\/IMG_9421-768x1024.jpeg 768w, https:\/\/www.montendre.se\/wp-content\/uploads\/2021\/01\/IMG_9421-700x933.jpeg 700w, https:\/\/www.montendre.se\/wp-content\/uploads\/2021\/01\/IMG_9421.jpeg 960w\" sizes=\"(max-width: 225px) 100vw, 225px\" \/><\/a>\u00c5kte och h\u00e4mtade L p\u00e5 flygplatsen.<\/p>\n<p>Middag hemma (t&amp;l style):<\/p>\n<p>Huitres marennes oleron vertes no 4<br \/>\nBar frits avec des legumes au four<br \/>\nAyala Brut Majeur<\/p>\n<p>&nbsp;<\/p>\n","protected":false},"excerpt":{"rendered":"<p>Runt nollan p\u00e5 morgonen men sol i alla fall. Mulnade till f\u00f6rst fram\u00e5t fyratiden. Sju grader som varmast. M\u00e5lat lite lister som var kvar i &#8221;mellanrummet&#8221;. Och f\u00f6rberett m\u00e5lning med spackling l\u00e4ngre bort i korridoren. Klippt vinet. Bild f\u00f6re klippning. \u00c5kte och h\u00e4mtade L p\u00e5 flygplatsen. Middag hemma (t&amp;l style): &#8230;<\/p>\n","protected":false},"author":1,"featured_media":0,"comment_status":"open","ping_status":"open","sticky":false,"template":"","format":"standard","meta":{"jetpack_post_was_ever_published":false,"_jetpack_newsletter_access":"","_jetpack_dont_email_post_to_subs":false,"_jetpack_newsletter_tier_id":0,"footnotes":""},"categories":[67],"tags":[],"jetpack_sharing_enabled":true,"jetpack_featured_media_url":"","_links":{"self":[{"href":"https:\/\/www.montendre.se\/index.php?rest_route=\/wp\/v2\/posts\/4370"}],"collection":[{"href":"https:\/\/www.montendre.se\/index.php?rest_route=\/wp\/v2\/posts"}],"about":[{"href":"https:\/\/www.montendre.se\/index.php?rest_route=\/wp\/v2\/types\/post"}],"author":[{"embeddable":true,"href":"https:\/\/www.montendre.se\/index.php?rest_route=\/wp\/v2\/users\/1"}],"replies":[{"embeddable":true,"href":"https:\/\/www.montendre.se\/index.php?rest_route=%2Fwp%2Fv2%2Fcomments&post=4370"}],"version-history":[{"count":5,"href":"https:\/\/www.montendre.se\/index.php?rest_route=\/wp\/v2\/posts\/4370\/revisions"}],"predecessor-version":[{"id":4377,"href":"https:\/\/www.montendre.se\/index.php?rest_route=\/wp\/v2\/posts\/4370\/revisions\/4377"}],"wp:attachment":[{"href":"https:\/\/www.montendre.se\/index.php?rest_route=%2Fwp%2Fv2%2Fmedia&parent=4370"}],"wp:term":[{"taxonomy":"category","embeddable":true,"href":"https:\/\/www.montendre.se\/index.php?rest_route=%2Fwp%2Fv2%2Fcategories&post=4370"},{"taxonomy":"post_tag","embeddable":true,"href":"https:\/\/www.montendre.se\/index.php?rest_route=%2Fwp%2Fv2%2Ftags&post=4370"}],"curies":[{"name":"wp","href":"https:\/\/api.w.org\/{rel}","templated":true}]}}