{"id":4335,"date":"2020-09-21T09:06:10","date_gmt":"2020-09-21T07:06:10","guid":{"rendered":"https:\/\/www.montendre.se\/?p=4335"},"modified":"2020-09-21T09:06:10","modified_gmt":"2020-09-21T07:06:10","slug":"20-september-2020","status":"publish","type":"post","link":"https:\/\/www.montendre.se\/?p=4335","title":{"rendered":"20 september 2020"},"content":{"rendered":"\n<p>R\u00e4tt v\u00e4xlande v\u00e4der idag ocks\u00e5. P\u00e5 morgonen dimma och bara 18 grader. Sedan lite v\u00e4xlande molnighet och 25 grader.<\/p>\n\n\n\n<p>Bes\u00f6kte <a href=\"https:\/\/www.maisondelavigneetdessaveurs.com\">Maison de la vigne et des saveurs<\/a> i Archiac. Var &#8221;sk\u00f6rdefest&#8221; men en ganska avslagen s\u00e5dan. Kanske p\u00e5 grund av corona. K\u00e4kade lunch i Archiac.<\/p>\n\n\n\n<p>Fixat i tr\u00e4dg\u00e5rden. Jag har klippt tuja och lite buskar, s\u00e5tt lite gr\u00e4s och g\u00f6dslat nysatta tr\u00e4d. L rensade i g\u00e5ngen ner mot No\u00ebl.<\/p>\n\n\n\n<p>L lyckades f\u00e5 en vandrande pinne p\u00e5 hinken.<\/p>\n\n\n\n<figure class=\"wp-block-image size-medium\"><img loading=\"lazy\" decoding=\"async\" width=\"225\" height=\"300\" src=\"https:\/\/www.montendre.se\/wp-content\/uploads\/2020\/09\/IMG_9325-1-225x300.jpeg\" alt=\"\" class=\"wp-image-4344\" srcset=\"https:\/\/www.montendre.se\/wp-content\/uploads\/2020\/09\/IMG_9325-1-225x300.jpeg 225w, https:\/\/www.montendre.se\/wp-content\/uploads\/2020\/09\/IMG_9325-1-768x1024.jpeg 768w, https:\/\/www.montendre.se\/wp-content\/uploads\/2020\/09\/IMG_9325-1-700x933.jpeg 700w, https:\/\/www.montendre.se\/wp-content\/uploads\/2020\/09\/IMG_9325-1.jpeg 960w\" sizes=\"(max-width: 225px) 100vw, 225px\" \/><\/figure>\n\n\n\n<p>Och utsl\u00e4ppt i naturen igen.<\/p>\n\n\n\n<figure class=\"wp-block-image size-medium\"><img loading=\"lazy\" decoding=\"async\" width=\"225\" height=\"300\" src=\"https:\/\/www.montendre.se\/wp-content\/uploads\/2020\/09\/IMG_9329-1-225x300.jpeg\" alt=\"\" class=\"wp-image-4343\" srcset=\"https:\/\/www.montendre.se\/wp-content\/uploads\/2020\/09\/IMG_9329-1-225x300.jpeg 225w, https:\/\/www.montendre.se\/wp-content\/uploads\/2020\/09\/IMG_9329-1-768x1024.jpeg 768w, https:\/\/www.montendre.se\/wp-content\/uploads\/2020\/09\/IMG_9329-1-700x933.jpeg 700w, https:\/\/www.montendre.se\/wp-content\/uploads\/2020\/09\/IMG_9329-1.jpeg 960w\" sizes=\"(max-width: 225px) 100vw, 225px\" \/><\/figure>\n\n\n\n<p>Och den h\u00e4r (som jag aldrig kommer ih\u00e5g namnet p\u00e5) blommar f\u00f6r fullt.<\/p>\n\n\n\n<figure class=\"wp-block-image size-medium\"><img loading=\"lazy\" decoding=\"async\" width=\"225\" height=\"300\" src=\"https:\/\/www.montendre.se\/wp-content\/uploads\/2020\/09\/IMG_9322-225x300.jpeg\" alt=\"\" class=\"wp-image-4342\" srcset=\"https:\/\/www.montendre.se\/wp-content\/uploads\/2020\/09\/IMG_9322-225x300.jpeg 225w, https:\/\/www.montendre.se\/wp-content\/uploads\/2020\/09\/IMG_9322-768x1024.jpeg 768w, https:\/\/www.montendre.se\/wp-content\/uploads\/2020\/09\/IMG_9322-700x933.jpeg 700w, https:\/\/www.montendre.se\/wp-content\/uploads\/2020\/09\/IMG_9322.jpeg 960w\" sizes=\"(max-width: 225px) 100vw, 225px\" \/><\/figure>\n\n\n\n<p>Middag hemma. Ostron och &#8221;marseille-kummel&#8221; i ugn (med pastis, vitl\u00f6k och rosmarin).<\/p>\n","protected":false},"excerpt":{"rendered":"<p>R\u00e4tt v\u00e4xlande v\u00e4der idag ocks\u00e5. P\u00e5 morgonen dimma och bara 18 grader. Sedan lite v\u00e4xlande molnighet och 25 grader. Bes\u00f6kte Maison de la vigne et des saveurs i Archiac. Var &#8221;sk\u00f6rdefest&#8221; men en ganska avslagen s\u00e5dan. Kanske p\u00e5 grund av corona. K\u00e4kade lunch i Archiac. Fixat i tr\u00e4dg\u00e5rden. Jag har &#8230;<\/p>\n","protected":false},"author":1,"featured_media":0,"comment_status":"open","ping_status":"open","sticky":false,"template":"","format":"standard","meta":{"jetpack_post_was_ever_published":false,"_jetpack_newsletter_access":"","_jetpack_dont_email_post_to_subs":false,"_jetpack_newsletter_tier_id":0,"footnotes":""},"categories":[66],"tags":[],"jetpack_sharing_enabled":true,"jetpack_featured_media_url":"","_links":{"self":[{"href":"https:\/\/www.montendre.se\/index.php?rest_route=\/wp\/v2\/posts\/4335"}],"collection":[{"href":"https:\/\/www.montendre.se\/index.php?rest_route=\/wp\/v2\/posts"}],"about":[{"href":"https:\/\/www.montendre.se\/index.php?rest_route=\/wp\/v2\/types\/post"}],"author":[{"embeddable":true,"href":"https:\/\/www.montendre.se\/index.php?rest_route=\/wp\/v2\/users\/1"}],"replies":[{"embeddable":true,"href":"https:\/\/www.montendre.se\/index.php?rest_route=%2Fwp%2Fv2%2Fcomments&post=4335"}],"version-history":[{"count":4,"href":"https:\/\/www.montendre.se\/index.php?rest_route=\/wp\/v2\/posts\/4335\/revisions"}],"predecessor-version":[{"id":4345,"href":"https:\/\/www.montendre.se\/index.php?rest_route=\/wp\/v2\/posts\/4335\/revisions\/4345"}],"wp:attachment":[{"href":"https:\/\/www.montendre.se\/index.php?rest_route=%2Fwp%2Fv2%2Fmedia&parent=4335"}],"wp:term":[{"taxonomy":"category","embeddable":true,"href":"https:\/\/www.montendre.se\/index.php?rest_route=%2Fwp%2Fv2%2Fcategories&post=4335"},{"taxonomy":"post_tag","embeddable":true,"href":"https:\/\/www.montendre.se\/index.php?rest_route=%2Fwp%2Fv2%2Ftags&post=4335"}],"curies":[{"name":"wp","href":"https:\/\/api.w.org\/{rel}","templated":true}]}}