{"id":4330,"date":"2020-09-20T09:23:41","date_gmt":"2020-09-20T07:23:41","guid":{"rendered":"https:\/\/www.montendre.se\/?p=4330"},"modified":"2020-09-20T09:23:41","modified_gmt":"2020-09-20T07:23:41","slug":"19-september-2020","status":"publish","type":"post","link":"https:\/\/www.montendre.se\/?p=4330","title":{"rendered":"19 september 2020"},"content":{"rendered":"\n<p>Lite v\u00e4xlande v\u00e4der men inget regn f\u00f6rr\u00e4n sent p\u00e5 kv\u00e4llen. 28 grader p\u00e5 eftermiddagen.<\/p>\n\n\n\n<p>Jag fortsatte ta ner delar av lagerh\u00e4ggen.<\/p>\n\n\n\n<figure class=\"wp-block-image size-large\"><img loading=\"lazy\" decoding=\"async\" width=\"320\" height=\"240\" src=\"https:\/\/www.montendre.se\/wp-content\/uploads\/2020\/09\/IMG_9314.jpeg\" alt=\"\" class=\"wp-image-4331\" srcset=\"https:\/\/www.montendre.se\/wp-content\/uploads\/2020\/09\/IMG_9314.jpeg 320w, https:\/\/www.montendre.se\/wp-content\/uploads\/2020\/09\/IMG_9314-300x225.jpeg 300w, https:\/\/www.montendre.se\/wp-content\/uploads\/2020\/09\/IMG_9314-268x200.jpeg 268w\" sizes=\"(max-width: 320px) 100vw, 320px\" \/><\/figure>\n\n\n\n<p>L rensade rabatten ner mot No\u00ebl.<\/p>\n\n\n\n<p>Rosorna blommar fortfarande\/igen.<\/p>\n\n\n\n<figure class=\"wp-block-image size-large\"><img loading=\"lazy\" decoding=\"async\" width=\"240\" height=\"320\" src=\"https:\/\/www.montendre.se\/wp-content\/uploads\/2020\/09\/IMG_9316.jpeg\" alt=\"\" class=\"wp-image-4332\" srcset=\"https:\/\/www.montendre.se\/wp-content\/uploads\/2020\/09\/IMG_9316.jpeg 240w, https:\/\/www.montendre.se\/wp-content\/uploads\/2020\/09\/IMG_9316-225x300.jpeg 225w\" sizes=\"(max-width: 240px) 100vw, 240px\" \/><\/figure>\n\n\n\n<figure class=\"wp-block-image size-large\"><img loading=\"lazy\" decoding=\"async\" width=\"240\" height=\"320\" src=\"https:\/\/www.montendre.se\/wp-content\/uploads\/2020\/09\/IMG_9319.jpeg\" alt=\"\" class=\"wp-image-4333\" srcset=\"https:\/\/www.montendre.se\/wp-content\/uploads\/2020\/09\/IMG_9319.jpeg 240w, https:\/\/www.montendre.se\/wp-content\/uploads\/2020\/09\/IMG_9319-225x300.jpeg 225w\" sizes=\"(max-width: 240px) 100vw, 240px\" \/><\/figure>\n\n\n\n<p>Middag p\u00e5 Comptoir du March\u00e9 i Jonzac. B\u00e4ttre \u00e4n vanligt d\u00e4r.<\/p>\n","protected":false},"excerpt":{"rendered":"<p>Lite v\u00e4xlande v\u00e4der men inget regn f\u00f6rr\u00e4n sent p\u00e5 kv\u00e4llen. 28 grader p\u00e5 eftermiddagen. Jag fortsatte ta ner delar av lagerh\u00e4ggen. L rensade rabatten ner mot No\u00ebl. Rosorna blommar fortfarande\/igen. Middag p\u00e5 Comptoir du March\u00e9 i Jonzac. B\u00e4ttre \u00e4n vanligt d\u00e4r.<\/p>\n","protected":false},"author":1,"featured_media":0,"comment_status":"open","ping_status":"open","sticky":false,"template":"","format":"standard","meta":{"jetpack_post_was_ever_published":false,"_jetpack_newsletter_access":"","_jetpack_dont_email_post_to_subs":false,"_jetpack_newsletter_tier_id":0,"footnotes":""},"categories":[66],"tags":[],"jetpack_sharing_enabled":true,"jetpack_featured_media_url":"","_links":{"self":[{"href":"https:\/\/www.montendre.se\/index.php?rest_route=\/wp\/v2\/posts\/4330"}],"collection":[{"href":"https:\/\/www.montendre.se\/index.php?rest_route=\/wp\/v2\/posts"}],"about":[{"href":"https:\/\/www.montendre.se\/index.php?rest_route=\/wp\/v2\/types\/post"}],"author":[{"embeddable":true,"href":"https:\/\/www.montendre.se\/index.php?rest_route=\/wp\/v2\/users\/1"}],"replies":[{"embeddable":true,"href":"https:\/\/www.montendre.se\/index.php?rest_route=%2Fwp%2Fv2%2Fcomments&post=4330"}],"version-history":[{"count":1,"href":"https:\/\/www.montendre.se\/index.php?rest_route=\/wp\/v2\/posts\/4330\/revisions"}],"predecessor-version":[{"id":4334,"href":"https:\/\/www.montendre.se\/index.php?rest_route=\/wp\/v2\/posts\/4330\/revisions\/4334"}],"wp:attachment":[{"href":"https:\/\/www.montendre.se\/index.php?rest_route=%2Fwp%2Fv2%2Fmedia&parent=4330"}],"wp:term":[{"taxonomy":"category","embeddable":true,"href":"https:\/\/www.montendre.se\/index.php?rest_route=%2Fwp%2Fv2%2Fcategories&post=4330"},{"taxonomy":"post_tag","embeddable":true,"href":"https:\/\/www.montendre.se\/index.php?rest_route=%2Fwp%2Fv2%2Ftags&post=4330"}],"curies":[{"name":"wp","href":"https:\/\/api.w.org\/{rel}","templated":true}]}}