{"id":431,"date":"2013-06-23T23:32:00","date_gmt":"2013-06-23T21:32:00","guid":{"rendered":"http:\/\/www.montendre.se\/?p=431"},"modified":"2013-07-17T14:52:01","modified_gmt":"2013-07-17T12:52:01","slug":"23-juni-2013","status":"publish","type":"post","link":"https:\/\/www.montendre.se\/?p=431","title":{"rendered":"23 juni 2013"},"content":{"rendered":"<p>Fixade lite i tr\u00e4dg\u00e5rden p\u00e5 f\u00f6rmiddagen. Ls syster och man \u00e5kte vidare vid halv tolv ungef\u00e4r. Vi andra \u00e5kte p\u00e5 en utflykt till Saint Emilion. K\u00e4kade lunch d\u00e4r och kollade runt i stan.<\/p>\n<p>Thomas och jag b\u00f6rjade fixa med f\u00f6nsterluckorna i matsalen. En \u00e4r rej\u00e4lt d\u00e5lig och vi ska f\u00f6rs\u00f6ka &#8221;bygga&#8221; en helt ny. Den andra g\u00e5r nog att renovera.<\/p>\n<p><img loading=\"lazy\" decoding=\"async\" class=\"aligncenter size-medium wp-image-435\" title=\"IMG_2611\" src=\"http:\/\/www.montendre.se\/wp-content\/uploads\/2013\/06\/IMG_26111-225x300.jpg\" alt=\"\" width=\"225\" height=\"300\" srcset=\"https:\/\/www.montendre.se\/wp-content\/uploads\/2013\/06\/IMG_26111-225x300.jpg 225w, https:\/\/www.montendre.se\/wp-content\/uploads\/2013\/06\/IMG_26111-768x1024.jpg 768w, https:\/\/www.montendre.se\/wp-content\/uploads\/2013\/06\/IMG_26111-700x933.jpg 700w\" sizes=\"(max-width: 225px) 100vw, 225px\" \/><img loading=\"lazy\" decoding=\"async\" class=\"aligncenter size-medium wp-image-434\" title=\"IMG_2610\" src=\"http:\/\/www.montendre.se\/wp-content\/uploads\/2013\/06\/IMG_26101-225x300.jpg\" alt=\"\" width=\"225\" height=\"300\" srcset=\"https:\/\/www.montendre.se\/wp-content\/uploads\/2013\/06\/IMG_26101-225x300.jpg 225w, https:\/\/www.montendre.se\/wp-content\/uploads\/2013\/06\/IMG_26101-768x1024.jpg 768w, https:\/\/www.montendre.se\/wp-content\/uploads\/2013\/06\/IMG_26101-700x933.jpg 700w\" sizes=\"(max-width: 225px) 100vw, 225px\" \/><\/p>\n<p>&nbsp;<\/p>\n<p>P\u00e5 kv\u00e4llen testade vi att laga till &#8221;petoncles&#8221;. Kokade dem som musslor. Blev riktigt goda.<\/p>\n<p><a href=\"http:\/\/www.montendre.se\/wp-content\/uploads\/2013\/06\/IMG_2613.jpg\"><img loading=\"lazy\" decoding=\"async\" class=\"aligncenter size-medium wp-image-436\" title=\"IMG_2613\" src=\"http:\/\/www.montendre.se\/wp-content\/uploads\/2013\/06\/IMG_2613-300x225.jpg\" alt=\"\" width=\"300\" height=\"225\" srcset=\"https:\/\/www.montendre.se\/wp-content\/uploads\/2013\/06\/IMG_2613-300x225.jpg 300w, https:\/\/www.montendre.se\/wp-content\/uploads\/2013\/06\/IMG_2613-1024x768.jpg 1024w, https:\/\/www.montendre.se\/wp-content\/uploads\/2013\/06\/IMG_2613-268x200.jpg 268w, https:\/\/www.montendre.se\/wp-content\/uploads\/2013\/06\/IMG_2613-700x525.jpg 700w\" sizes=\"(max-width: 300px) 100vw, 300px\" \/><\/a><\/p>\n","protected":false},"excerpt":{"rendered":"<p>Fixade lite i tr\u00e4dg\u00e5rden p\u00e5 f\u00f6rmiddagen. Ls syster och man \u00e5kte vidare vid halv tolv ungef\u00e4r. Vi andra \u00e5kte p\u00e5 en utflykt till Saint Emilion. K\u00e4kade lunch d\u00e4r och kollade runt i stan. Thomas och jag b\u00f6rjade fixa med f\u00f6nsterluckorna i matsalen. En \u00e4r rej\u00e4lt d\u00e5lig och vi ska f\u00f6rs\u00f6ka &#8230;<\/p>\n","protected":false},"author":1,"featured_media":0,"comment_status":"open","ping_status":"open","sticky":false,"template":"","format":"standard","meta":{"jetpack_post_was_ever_published":false,"_jetpack_newsletter_access":"","_jetpack_dont_email_post_to_subs":false,"_jetpack_newsletter_tier_id":0,"footnotes":""},"categories":[5],"tags":[],"jetpack_sharing_enabled":true,"jetpack_featured_media_url":"","_links":{"self":[{"href":"https:\/\/www.montendre.se\/index.php?rest_route=\/wp\/v2\/posts\/431"}],"collection":[{"href":"https:\/\/www.montendre.se\/index.php?rest_route=\/wp\/v2\/posts"}],"about":[{"href":"https:\/\/www.montendre.se\/index.php?rest_route=\/wp\/v2\/types\/post"}],"author":[{"embeddable":true,"href":"https:\/\/www.montendre.se\/index.php?rest_route=\/wp\/v2\/users\/1"}],"replies":[{"embeddable":true,"href":"https:\/\/www.montendre.se\/index.php?rest_route=%2Fwp%2Fv2%2Fcomments&post=431"}],"version-history":[{"count":4,"href":"https:\/\/www.montendre.se\/index.php?rest_route=\/wp\/v2\/posts\/431\/revisions"}],"predecessor-version":[{"id":596,"href":"https:\/\/www.montendre.se\/index.php?rest_route=\/wp\/v2\/posts\/431\/revisions\/596"}],"wp:attachment":[{"href":"https:\/\/www.montendre.se\/index.php?rest_route=%2Fwp%2Fv2%2Fmedia&parent=431"}],"wp:term":[{"taxonomy":"category","embeddable":true,"href":"https:\/\/www.montendre.se\/index.php?rest_route=%2Fwp%2Fv2%2Fcategories&post=431"},{"taxonomy":"post_tag","embeddable":true,"href":"https:\/\/www.montendre.se\/index.php?rest_route=%2Fwp%2Fv2%2Ftags&post=431"}],"curies":[{"name":"wp","href":"https:\/\/api.w.org\/{rel}","templated":true}]}}