{"id":4261,"date":"2020-07-18T09:47:14","date_gmt":"2020-07-18T07:47:14","guid":{"rendered":"https:\/\/www.montendre.se\/?p=4261"},"modified":"2020-07-18T09:47:14","modified_gmt":"2020-07-18T07:47:14","slug":"17-juli-2020","status":"publish","type":"post","link":"https:\/\/www.montendre.se\/?p=4261","title":{"rendered":"17 juli 2020"},"content":{"rendered":"<p>Soligt och 25 grader.<\/p>\n<p>Tog en tur till havet idag. K\u00e4kade f\u00f6rst lunch p\u00e5 <a href=\"http:\/\/www.fruitsdemer-lesvivierscharentais.fr\/\">skaldjurst\u00e4llet i Saint-palais-sur-mer.<\/a><\/p>\n<p>Sedan ner till stranden en stund.<\/p>\n<p><a href=\"https:\/\/www.montendre.se\/wp-content\/uploads\/2020\/07\/IMG_9205.jpeg\"><img loading=\"lazy\" decoding=\"async\" class=\"aligncenter size-medium wp-image-4262\" src=\"https:\/\/www.montendre.se\/wp-content\/uploads\/2020\/07\/IMG_9205-300x225.jpeg\" alt=\"\" width=\"300\" height=\"225\" srcset=\"https:\/\/www.montendre.se\/wp-content\/uploads\/2020\/07\/IMG_9205-300x225.jpeg 300w, https:\/\/www.montendre.se\/wp-content\/uploads\/2020\/07\/IMG_9205-768x576.jpeg 768w, https:\/\/www.montendre.se\/wp-content\/uploads\/2020\/07\/IMG_9205.jpeg 1024w, https:\/\/www.montendre.se\/wp-content\/uploads\/2020\/07\/IMG_9205-268x200.jpeg 268w, https:\/\/www.montendre.se\/wp-content\/uploads\/2020\/07\/IMG_9205-700x525.jpeg 700w\" sizes=\"(max-width: 300px) 100vw, 300px\" \/><\/a><a href=\"https:\/\/www.montendre.se\/wp-content\/uploads\/2020\/07\/IMG_9206.jpeg\"><img loading=\"lazy\" decoding=\"async\" class=\"aligncenter size-medium wp-image-4263\" src=\"https:\/\/www.montendre.se\/wp-content\/uploads\/2020\/07\/IMG_9206-300x225.jpeg\" alt=\"\" width=\"300\" height=\"225\" srcset=\"https:\/\/www.montendre.se\/wp-content\/uploads\/2020\/07\/IMG_9206-300x225.jpeg 300w, https:\/\/www.montendre.se\/wp-content\/uploads\/2020\/07\/IMG_9206-768x576.jpeg 768w, https:\/\/www.montendre.se\/wp-content\/uploads\/2020\/07\/IMG_9206.jpeg 1024w, https:\/\/www.montendre.se\/wp-content\/uploads\/2020\/07\/IMG_9206-268x200.jpeg 268w, https:\/\/www.montendre.se\/wp-content\/uploads\/2020\/07\/IMG_9206-700x525.jpeg 700w\" sizes=\"(max-width: 300px) 100vw, 300px\" \/><\/a><\/p>\n<p>Hem vid halvfem-tiden. Middag hemma, grillad guldsparid (Dorade).<\/p>\n","protected":false},"excerpt":{"rendered":"<p>Soligt och 25 grader. Tog en tur till havet idag. K\u00e4kade f\u00f6rst lunch p\u00e5 skaldjurst\u00e4llet i Saint-palais-sur-mer. Sedan ner till stranden en stund. Hem vid halvfem-tiden. Middag hemma, grillad guldsparid (Dorade).<\/p>\n","protected":false},"author":1,"featured_media":0,"comment_status":"open","ping_status":"open","sticky":false,"template":"","format":"standard","meta":{"jetpack_post_was_ever_published":false,"_jetpack_newsletter_access":"","_jetpack_dont_email_post_to_subs":false,"_jetpack_newsletter_tier_id":0,"footnotes":""},"categories":[65],"tags":[],"jetpack_sharing_enabled":true,"jetpack_featured_media_url":"","_links":{"self":[{"href":"https:\/\/www.montendre.se\/index.php?rest_route=\/wp\/v2\/posts\/4261"}],"collection":[{"href":"https:\/\/www.montendre.se\/index.php?rest_route=\/wp\/v2\/posts"}],"about":[{"href":"https:\/\/www.montendre.se\/index.php?rest_route=\/wp\/v2\/types\/post"}],"author":[{"embeddable":true,"href":"https:\/\/www.montendre.se\/index.php?rest_route=\/wp\/v2\/users\/1"}],"replies":[{"embeddable":true,"href":"https:\/\/www.montendre.se\/index.php?rest_route=%2Fwp%2Fv2%2Fcomments&post=4261"}],"version-history":[{"count":1,"href":"https:\/\/www.montendre.se\/index.php?rest_route=\/wp\/v2\/posts\/4261\/revisions"}],"predecessor-version":[{"id":4264,"href":"https:\/\/www.montendre.se\/index.php?rest_route=\/wp\/v2\/posts\/4261\/revisions\/4264"}],"wp:attachment":[{"href":"https:\/\/www.montendre.se\/index.php?rest_route=%2Fwp%2Fv2%2Fmedia&parent=4261"}],"wp:term":[{"taxonomy":"category","embeddable":true,"href":"https:\/\/www.montendre.se\/index.php?rest_route=%2Fwp%2Fv2%2Fcategories&post=4261"},{"taxonomy":"post_tag","embeddable":true,"href":"https:\/\/www.montendre.se\/index.php?rest_route=%2Fwp%2Fv2%2Ftags&post=4261"}],"curies":[{"name":"wp","href":"https:\/\/api.w.org\/{rel}","templated":true}]}}