{"id":426,"date":"2013-06-23T22:01:00","date_gmt":"2013-06-23T20:01:00","guid":{"rendered":"http:\/\/www.montendre.se\/?p=426"},"modified":"2013-07-17T14:51:56","modified_gmt":"2013-07-17T12:51:56","slug":"22-juni-2013","status":"publish","type":"post","link":"https:\/\/www.montendre.se\/?p=426","title":{"rendered":"22 juni 2013"},"content":{"rendered":"<p>\u00c5kte iv\u00e4g till tv\u00e5 loppmarknader idag med Ls syster och hennes man. Hittade ett sjysst litet skrivbord som vi k\u00f6pte:<\/p>\n<p><a href=\"http:\/\/www.montendre.se\/wp-content\/uploads\/2013\/06\/IMG_2603.jpg\"><img loading=\"lazy\" decoding=\"async\" class=\"aligncenter size-medium wp-image-427\" title=\"IMG_2603\" src=\"http:\/\/www.montendre.se\/wp-content\/uploads\/2013\/06\/IMG_2603-225x300.jpg\" alt=\"\" width=\"225\" height=\"300\" srcset=\"https:\/\/www.montendre.se\/wp-content\/uploads\/2013\/06\/IMG_2603-225x300.jpg 225w, https:\/\/www.montendre.se\/wp-content\/uploads\/2013\/06\/IMG_2603-768x1024.jpg 768w, https:\/\/www.montendre.se\/wp-content\/uploads\/2013\/06\/IMG_2603-700x933.jpg 700w\" sizes=\"(max-width: 225px) 100vw, 225px\" \/><\/a><\/p>\n<p>R\u00e4tt risigt v\u00e4der. Regn d\u00e5 och d\u00e5, runt 18 grader. Lite tr\u00e4dg\u00e5rdsarbete. Thomas klipper gr\u00e4set (som \u00e4r runt 150 cm h\u00f6gt p\u00e5 vissa st\u00e4llen) och jag har klippt lite p\u00e5 tujah\u00e4cken.<\/p>\n<p>Golvet ser r\u00e4tt bra ut tycker jag.<\/p>\n<p><a href=\"http:\/\/www.montendre.se\/wp-content\/uploads\/2013\/06\/IMG_2604.jpg\"><img loading=\"lazy\" decoding=\"async\" class=\"aligncenter size-medium wp-image-429\" title=\"IMG_2604\" src=\"http:\/\/www.montendre.se\/wp-content\/uploads\/2013\/06\/IMG_2604-225x300.jpg\" alt=\"\" width=\"225\" height=\"300\" srcset=\"https:\/\/www.montendre.se\/wp-content\/uploads\/2013\/06\/IMG_2604-225x300.jpg 225w, https:\/\/www.montendre.se\/wp-content\/uploads\/2013\/06\/IMG_2604-768x1024.jpg 768w, https:\/\/www.montendre.se\/wp-content\/uploads\/2013\/06\/IMG_2604-700x933.jpg 700w\" sizes=\"(max-width: 225px) 100vw, 225px\" \/><\/a><\/p>\n<p>I byn har det inte h\u00e4nt s\u00e5 mycket. M\u00f6belbutiken som \u00f6ppnade mitt emot Quincaillerian i p\u00e5skas har st\u00e4ngt.<\/p>\n","protected":false},"excerpt":{"rendered":"<p>\u00c5kte iv\u00e4g till tv\u00e5 loppmarknader idag med Ls syster och hennes man. Hittade ett sjysst litet skrivbord som vi k\u00f6pte: R\u00e4tt risigt v\u00e4der. Regn d\u00e5 och d\u00e5, runt 18 grader. Lite tr\u00e4dg\u00e5rdsarbete. Thomas klipper gr\u00e4set (som \u00e4r runt 150 cm h\u00f6gt p\u00e5 vissa st\u00e4llen) och jag har klippt lite p\u00e5 &#8230;<\/p>\n","protected":false},"author":1,"featured_media":0,"comment_status":"open","ping_status":"open","sticky":false,"template":"","format":"standard","meta":{"jetpack_post_was_ever_published":false,"_jetpack_newsletter_access":"","_jetpack_dont_email_post_to_subs":false,"_jetpack_newsletter_tier_id":0,"footnotes":""},"categories":[5],"tags":[],"jetpack_sharing_enabled":true,"jetpack_featured_media_url":"","_links":{"self":[{"href":"https:\/\/www.montendre.se\/index.php?rest_route=\/wp\/v2\/posts\/426"}],"collection":[{"href":"https:\/\/www.montendre.se\/index.php?rest_route=\/wp\/v2\/posts"}],"about":[{"href":"https:\/\/www.montendre.se\/index.php?rest_route=\/wp\/v2\/types\/post"}],"author":[{"embeddable":true,"href":"https:\/\/www.montendre.se\/index.php?rest_route=\/wp\/v2\/users\/1"}],"replies":[{"embeddable":true,"href":"https:\/\/www.montendre.se\/index.php?rest_route=%2Fwp%2Fv2%2Fcomments&post=426"}],"version-history":[{"count":4,"href":"https:\/\/www.montendre.se\/index.php?rest_route=\/wp\/v2\/posts\/426\/revisions"}],"predecessor-version":[{"id":595,"href":"https:\/\/www.montendre.se\/index.php?rest_route=\/wp\/v2\/posts\/426\/revisions\/595"}],"wp:attachment":[{"href":"https:\/\/www.montendre.se\/index.php?rest_route=%2Fwp%2Fv2%2Fmedia&parent=426"}],"wp:term":[{"taxonomy":"category","embeddable":true,"href":"https:\/\/www.montendre.se\/index.php?rest_route=%2Fwp%2Fv2%2Fcategories&post=426"},{"taxonomy":"post_tag","embeddable":true,"href":"https:\/\/www.montendre.se\/index.php?rest_route=%2Fwp%2Fv2%2Ftags&post=426"}],"curies":[{"name":"wp","href":"https:\/\/api.w.org\/{rel}","templated":true}]}}