{"id":4256,"date":"2020-07-17T10:10:59","date_gmt":"2020-07-17T08:10:59","guid":{"rendered":"https:\/\/www.montendre.se\/?p=4256"},"modified":"2020-07-17T10:11:47","modified_gmt":"2020-07-17T08:11:47","slug":"16-juli-2020","status":"publish","type":"post","link":"https:\/\/www.montendre.se\/?p=4256","title":{"rendered":"16 juli 2020"},"content":{"rendered":"<p>Mulet hela dagen. Sol fram\u00e5t kv\u00e4llen, runt 23-24 grader.<\/p>\n<p>Handlade p\u00e5 marknaden p\u00e5 f\u00f6rmiddagen. Sedan fortsatte h\u00e4ckklippning och k\u00f6ra iv\u00e4g skr\u00e4p till soptippen.<\/p>\n<p><a href=\"https:\/\/www.montendre.se\/wp-content\/uploads\/2020\/07\/DCS-2121_20200701_094000_D.jpg\"><img loading=\"lazy\" decoding=\"async\" class=\"size-medium wp-image-4247 alignleft\" src=\"https:\/\/www.montendre.se\/wp-content\/uploads\/2020\/07\/DCS-2121_20200701_094000_D-300x225.jpg\" alt=\"\" width=\"300\" height=\"225\" srcset=\"https:\/\/www.montendre.se\/wp-content\/uploads\/2020\/07\/DCS-2121_20200701_094000_D-300x225.jpg 300w, https:\/\/www.montendre.se\/wp-content\/uploads\/2020\/07\/DCS-2121_20200701_094000_D-268x200.jpg 268w, https:\/\/www.montendre.se\/wp-content\/uploads\/2020\/07\/DCS-2121_20200701_094000_D.jpg 512w\" sizes=\"(max-width: 300px) 100vw, 300px\" \/><\/a><a href=\"https:\/\/www.montendre.se\/wp-content\/uploads\/2020\/07\/DCS-2121_20200715_094000_D.jpg\"><img loading=\"lazy\" decoding=\"async\" class=\"size-medium wp-image-4246 alignright\" src=\"https:\/\/www.montendre.se\/wp-content\/uploads\/2020\/07\/DCS-2121_20200715_094000_D-300x225.jpg\" alt=\"\" width=\"300\" height=\"225\" srcset=\"https:\/\/www.montendre.se\/wp-content\/uploads\/2020\/07\/DCS-2121_20200715_094000_D-300x225.jpg 300w, https:\/\/www.montendre.se\/wp-content\/uploads\/2020\/07\/DCS-2121_20200715_094000_D-268x200.jpg 268w, https:\/\/www.montendre.se\/wp-content\/uploads\/2020\/07\/DCS-2121_20200715_094000_D.jpg 512w\" sizes=\"(max-width: 300px) 100vw, 300px\" \/><\/a><a href=\"https:\/\/www.montendre.se\/wp-content\/uploads\/2020\/07\/DCS-2121-20200717_100230.jpg\"><img loading=\"lazy\" decoding=\"async\" class=\"size-medium wp-image-4257 alignleft\" src=\"https:\/\/www.montendre.se\/wp-content\/uploads\/2020\/07\/DCS-2121-20200717_100230-300x225.jpg\" alt=\"\" width=\"300\" height=\"225\" srcset=\"https:\/\/www.montendre.se\/wp-content\/uploads\/2020\/07\/DCS-2121-20200717_100230-300x225.jpg 300w, https:\/\/www.montendre.se\/wp-content\/uploads\/2020\/07\/DCS-2121-20200717_100230-268x200.jpg 268w, https:\/\/www.montendre.se\/wp-content\/uploads\/2020\/07\/DCS-2121-20200717_100230.jpg 512w\" sizes=\"(max-width: 300px) 100vw, 300px\" \/><\/a><\/p>\n<p>&nbsp;<\/p>\n<p>&nbsp;<\/p>\n<p>&nbsp;<\/p>\n<p>&nbsp;<\/p>\n<p>&nbsp;<\/p>\n<p>&nbsp;<\/p>\n<p>&nbsp;<\/p>\n<p>&nbsp;<\/p>\n<p>&nbsp;<\/p>\n<p>&nbsp;<\/p>\n<p>&nbsp;<\/p>\n<p>Middag hemma. Ostron, pasta med vinkokta palourder sedan ost, en rocamadour och en ny variant.<\/p>\n<p><a href=\"https:\/\/www.montendre.se\/wp-content\/uploads\/2020\/07\/IMG_9204.jpeg\"><img loading=\"lazy\" decoding=\"async\" class=\"aligncenter size-medium wp-image-4258\" src=\"https:\/\/www.montendre.se\/wp-content\/uploads\/2020\/07\/IMG_9204-300x225.jpeg\" alt=\"\" width=\"300\" height=\"225\" srcset=\"https:\/\/www.montendre.se\/wp-content\/uploads\/2020\/07\/IMG_9204-300x225.jpeg 300w, https:\/\/www.montendre.se\/wp-content\/uploads\/2020\/07\/IMG_9204-768x576.jpeg 768w, https:\/\/www.montendre.se\/wp-content\/uploads\/2020\/07\/IMG_9204-1024x768.jpeg 1024w, https:\/\/www.montendre.se\/wp-content\/uploads\/2020\/07\/IMG_9204-268x200.jpeg 268w, https:\/\/www.montendre.se\/wp-content\/uploads\/2020\/07\/IMG_9204-700x525.jpeg 700w, https:\/\/www.montendre.se\/wp-content\/uploads\/2020\/07\/IMG_9204.jpeg 1280w\" sizes=\"(max-width: 300px) 100vw, 300px\" \/><\/a><\/p>\n","protected":false},"excerpt":{"rendered":"<p>Mulet hela dagen. Sol fram\u00e5t kv\u00e4llen, runt 23-24 grader. Handlade p\u00e5 marknaden p\u00e5 f\u00f6rmiddagen. Sedan fortsatte h\u00e4ckklippning och k\u00f6ra iv\u00e4g skr\u00e4p till soptippen. &nbsp; &nbsp; &nbsp; &nbsp; &nbsp; &nbsp; &nbsp; &nbsp; &nbsp; &nbsp; &nbsp; Middag hemma. Ostron, pasta med vinkokta palourder sedan ost, en rocamadour och en ny variant.<\/p>\n","protected":false},"author":1,"featured_media":0,"comment_status":"open","ping_status":"open","sticky":false,"template":"","format":"standard","meta":{"jetpack_post_was_ever_published":false,"_jetpack_newsletter_access":"","_jetpack_dont_email_post_to_subs":false,"_jetpack_newsletter_tier_id":0,"footnotes":""},"categories":[65],"tags":[],"jetpack_sharing_enabled":true,"jetpack_featured_media_url":"","_links":{"self":[{"href":"https:\/\/www.montendre.se\/index.php?rest_route=\/wp\/v2\/posts\/4256"}],"collection":[{"href":"https:\/\/www.montendre.se\/index.php?rest_route=\/wp\/v2\/posts"}],"about":[{"href":"https:\/\/www.montendre.se\/index.php?rest_route=\/wp\/v2\/types\/post"}],"author":[{"embeddable":true,"href":"https:\/\/www.montendre.se\/index.php?rest_route=\/wp\/v2\/users\/1"}],"replies":[{"embeddable":true,"href":"https:\/\/www.montendre.se\/index.php?rest_route=%2Fwp%2Fv2%2Fcomments&post=4256"}],"version-history":[{"count":2,"href":"https:\/\/www.montendre.se\/index.php?rest_route=\/wp\/v2\/posts\/4256\/revisions"}],"predecessor-version":[{"id":4260,"href":"https:\/\/www.montendre.se\/index.php?rest_route=\/wp\/v2\/posts\/4256\/revisions\/4260"}],"wp:attachment":[{"href":"https:\/\/www.montendre.se\/index.php?rest_route=%2Fwp%2Fv2%2Fmedia&parent=4256"}],"wp:term":[{"taxonomy":"category","embeddable":true,"href":"https:\/\/www.montendre.se\/index.php?rest_route=%2Fwp%2Fv2%2Fcategories&post=4256"},{"taxonomy":"post_tag","embeddable":true,"href":"https:\/\/www.montendre.se\/index.php?rest_route=%2Fwp%2Fv2%2Ftags&post=4256"}],"curies":[{"name":"wp","href":"https:\/\/api.w.org\/{rel}","templated":true}]}}