{"id":4245,"date":"2020-07-15T10:33:12","date_gmt":"2020-07-15T08:33:12","guid":{"rendered":"https:\/\/www.montendre.se\/?p=4245"},"modified":"2020-07-15T10:33:40","modified_gmt":"2020-07-15T08:33:40","slug":"14-juli-2020","status":"publish","type":"post","link":"https:\/\/www.montendre.se\/?p=4245","title":{"rendered":"14 juli 2020"},"content":{"rendered":"<p>V\u00e4xlande molnighet runt 28-29 grader.<\/p>\n<p>Franska nationaldagen men inget firande h\u00e4r pga corona. Och inga nattmarknader heller i sommar. Lite trist.<\/p>\n<p>Jag klippte vidare p\u00e5 h\u00e4cken. H\u00e4r \u00e4r bilder fr\u00e5n kameran p\u00e5 vinden fr\u00e5n 1 juli och fr\u00e5n 15 juli.<\/p>\n<p><a href=\"https:\/\/www.montendre.se\/wp-content\/uploads\/2020\/07\/DCS-2121_20200701_094000_D.jpg\"><img loading=\"lazy\" decoding=\"async\" class=\"size-medium wp-image-4247 alignleft\" src=\"https:\/\/www.montendre.se\/wp-content\/uploads\/2020\/07\/DCS-2121_20200701_094000_D-300x225.jpg\" alt=\"\" width=\"300\" height=\"225\" srcset=\"https:\/\/www.montendre.se\/wp-content\/uploads\/2020\/07\/DCS-2121_20200701_094000_D-300x225.jpg 300w, https:\/\/www.montendre.se\/wp-content\/uploads\/2020\/07\/DCS-2121_20200701_094000_D-268x200.jpg 268w, https:\/\/www.montendre.se\/wp-content\/uploads\/2020\/07\/DCS-2121_20200701_094000_D.jpg 512w\" sizes=\"(max-width: 300px) 100vw, 300px\" \/><\/a><a href=\"https:\/\/www.montendre.se\/wp-content\/uploads\/2020\/07\/DCS-2121_20200715_094000_D.jpg\"><img loading=\"lazy\" decoding=\"async\" class=\"size-medium wp-image-4246 alignright\" src=\"https:\/\/www.montendre.se\/wp-content\/uploads\/2020\/07\/DCS-2121_20200715_094000_D-300x225.jpg\" alt=\"\" width=\"300\" height=\"225\" srcset=\"https:\/\/www.montendre.se\/wp-content\/uploads\/2020\/07\/DCS-2121_20200715_094000_D-300x225.jpg 300w, https:\/\/www.montendre.se\/wp-content\/uploads\/2020\/07\/DCS-2121_20200715_094000_D-268x200.jpg 268w, https:\/\/www.montendre.se\/wp-content\/uploads\/2020\/07\/DCS-2121_20200715_094000_D.jpg 512w\" sizes=\"(max-width: 300px) 100vw, 300px\" \/><\/a><\/p>\n<p>&nbsp;<\/p>\n<p>&nbsp;<\/p>\n<p>&nbsp;<\/p>\n<p>&nbsp;<\/p>\n<p>&nbsp;<\/p>\n<p>&nbsp;<\/p>\n<p>L rensade i utrymmet mellan h\u00e4cken och g\u00e5ngen.<\/p>\n<p><a href=\"https:\/\/www.montendre.se\/wp-content\/uploads\/2020\/07\/IMG_9192.jpeg\"><img loading=\"lazy\" decoding=\"async\" class=\"size-medium wp-image-4248 alignleft\" src=\"https:\/\/www.montendre.se\/wp-content\/uploads\/2020\/07\/IMG_9192-300x225.jpeg\" alt=\"\" width=\"300\" height=\"225\" srcset=\"https:\/\/www.montendre.se\/wp-content\/uploads\/2020\/07\/IMG_9192-300x225.jpeg 300w, https:\/\/www.montendre.se\/wp-content\/uploads\/2020\/07\/IMG_9192-768x576.jpeg 768w, https:\/\/www.montendre.se\/wp-content\/uploads\/2020\/07\/IMG_9192-1024x768.jpeg 1024w, https:\/\/www.montendre.se\/wp-content\/uploads\/2020\/07\/IMG_9192-268x200.jpeg 268w, https:\/\/www.montendre.se\/wp-content\/uploads\/2020\/07\/IMG_9192-700x525.jpeg 700w, https:\/\/www.montendre.se\/wp-content\/uploads\/2020\/07\/IMG_9192.jpeg 1280w\" sizes=\"(max-width: 300px) 100vw, 300px\" \/><\/a><\/p>\n<p><a href=\"https:\/\/www.montendre.se\/wp-content\/uploads\/2020\/07\/IMG_9195.jpeg\"><img loading=\"lazy\" decoding=\"async\" class=\"size-medium wp-image-4249 alignright\" src=\"https:\/\/www.montendre.se\/wp-content\/uploads\/2020\/07\/IMG_9195-300x225.jpeg\" alt=\"\" width=\"300\" height=\"225\" srcset=\"https:\/\/www.montendre.se\/wp-content\/uploads\/2020\/07\/IMG_9195-300x225.jpeg 300w, https:\/\/www.montendre.se\/wp-content\/uploads\/2020\/07\/IMG_9195-768x576.jpeg 768w, https:\/\/www.montendre.se\/wp-content\/uploads\/2020\/07\/IMG_9195-1024x768.jpeg 1024w, https:\/\/www.montendre.se\/wp-content\/uploads\/2020\/07\/IMG_9195-268x200.jpeg 268w, https:\/\/www.montendre.se\/wp-content\/uploads\/2020\/07\/IMG_9195-700x525.jpeg 700w, https:\/\/www.montendre.se\/wp-content\/uploads\/2020\/07\/IMG_9195.jpeg 1280w\" sizes=\"(max-width: 300px) 100vw, 300px\" \/><\/a><\/p>\n<p>&nbsp;<\/p>\n<p>&nbsp;<\/p>\n<p>&nbsp;<\/p>\n<p>&nbsp;<\/p>\n<p>&nbsp;<\/p>\n<p>&nbsp;<\/p>\n<p>Fick en flaska aperitif fr\u00e5n grannen vid gamla muren. Gjord p\u00e5 bl.a. persiko-blad som de plockat i v\u00e5r tr\u00e4dg\u00e5rd. Mycket god, inte f\u00f6r s\u00f6t.<\/p>\n<p><a href=\"https:\/\/www.montendre.se\/wp-content\/uploads\/2020\/07\/IMG_9201.jpeg\"><img loading=\"lazy\" decoding=\"async\" class=\"aligncenter size-medium wp-image-4250\" src=\"https:\/\/www.montendre.se\/wp-content\/uploads\/2020\/07\/IMG_9201-225x300.jpeg\" alt=\"\" width=\"225\" height=\"300\" srcset=\"https:\/\/www.montendre.se\/wp-content\/uploads\/2020\/07\/IMG_9201-225x300.jpeg 225w, https:\/\/www.montendre.se\/wp-content\/uploads\/2020\/07\/IMG_9201-768x1024.jpeg 768w, https:\/\/www.montendre.se\/wp-content\/uploads\/2020\/07\/IMG_9201-700x933.jpeg 700w, https:\/\/www.montendre.se\/wp-content\/uploads\/2020\/07\/IMG_9201.jpeg 960w\" sizes=\"(max-width: 225px) 100vw, 225px\" \/><\/a>Middag hemma, stekta bl\u00e4ckfiskar f\u00f6rst.<\/p>\n<p><a href=\"https:\/\/www.montendre.se\/wp-content\/uploads\/2020\/07\/IMG_9191.jpeg\"><img loading=\"lazy\" decoding=\"async\" class=\"aligncenter size-medium wp-image-4251\" src=\"https:\/\/www.montendre.se\/wp-content\/uploads\/2020\/07\/IMG_9191-300x225.jpeg\" alt=\"\" width=\"300\" height=\"225\" srcset=\"https:\/\/www.montendre.se\/wp-content\/uploads\/2020\/07\/IMG_9191-300x225.jpeg 300w, https:\/\/www.montendre.se\/wp-content\/uploads\/2020\/07\/IMG_9191-768x576.jpeg 768w, https:\/\/www.montendre.se\/wp-content\/uploads\/2020\/07\/IMG_9191-1024x768.jpeg 1024w, https:\/\/www.montendre.se\/wp-content\/uploads\/2020\/07\/IMG_9191-268x200.jpeg 268w, https:\/\/www.montendre.se\/wp-content\/uploads\/2020\/07\/IMG_9191-700x525.jpeg 700w, https:\/\/www.montendre.se\/wp-content\/uploads\/2020\/07\/IMG_9191.jpeg 1280w\" sizes=\"(max-width: 300px) 100vw, 300px\" \/><\/a>Sedan grillad \u00f6ring.<\/p>\n<p>&nbsp;<\/p>\n","protected":false},"excerpt":{"rendered":"<p>V\u00e4xlande molnighet runt 28-29 grader. Franska nationaldagen men inget firande h\u00e4r pga corona. Och inga nattmarknader heller i sommar. Lite trist. Jag klippte vidare p\u00e5 h\u00e4cken. H\u00e4r \u00e4r bilder fr\u00e5n kameran p\u00e5 vinden fr\u00e5n 1 juli och fr\u00e5n 15 juli. &nbsp; &nbsp; &nbsp; &nbsp; &nbsp; &nbsp; L rensade i utrymmet &#8230;<\/p>\n","protected":false},"author":1,"featured_media":0,"comment_status":"open","ping_status":"open","sticky":false,"template":"","format":"standard","meta":{"jetpack_post_was_ever_published":false,"_jetpack_newsletter_access":"","_jetpack_dont_email_post_to_subs":false,"_jetpack_newsletter_tier_id":0,"footnotes":""},"categories":[65],"tags":[],"jetpack_sharing_enabled":true,"jetpack_featured_media_url":"","_links":{"self":[{"href":"https:\/\/www.montendre.se\/index.php?rest_route=\/wp\/v2\/posts\/4245"}],"collection":[{"href":"https:\/\/www.montendre.se\/index.php?rest_route=\/wp\/v2\/posts"}],"about":[{"href":"https:\/\/www.montendre.se\/index.php?rest_route=\/wp\/v2\/types\/post"}],"author":[{"embeddable":true,"href":"https:\/\/www.montendre.se\/index.php?rest_route=\/wp\/v2\/users\/1"}],"replies":[{"embeddable":true,"href":"https:\/\/www.montendre.se\/index.php?rest_route=%2Fwp%2Fv2%2Fcomments&post=4245"}],"version-history":[{"count":2,"href":"https:\/\/www.montendre.se\/index.php?rest_route=\/wp\/v2\/posts\/4245\/revisions"}],"predecessor-version":[{"id":4253,"href":"https:\/\/www.montendre.se\/index.php?rest_route=\/wp\/v2\/posts\/4245\/revisions\/4253"}],"wp:attachment":[{"href":"https:\/\/www.montendre.se\/index.php?rest_route=%2Fwp%2Fv2%2Fmedia&parent=4245"}],"wp:term":[{"taxonomy":"category","embeddable":true,"href":"https:\/\/www.montendre.se\/index.php?rest_route=%2Fwp%2Fv2%2Fcategories&post=4245"},{"taxonomy":"post_tag","embeddable":true,"href":"https:\/\/www.montendre.se\/index.php?rest_route=%2Fwp%2Fv2%2Ftags&post=4245"}],"curies":[{"name":"wp","href":"https:\/\/api.w.org\/{rel}","templated":true}]}}