{"id":4225,"date":"2020-07-11T10:17:26","date_gmt":"2020-07-11T08:17:26","guid":{"rendered":"https:\/\/www.montendre.se\/?p=4225"},"modified":"2020-07-11T10:20:05","modified_gmt":"2020-07-11T08:20:05","slug":"10-juli-2020","status":"publish","type":"post","link":"https:\/\/www.montendre.se\/?p=4225","title":{"rendered":"10 juli 2020"},"content":{"rendered":"<p>Mer molnigt idag, lite regndroppar p\u00e5 f\u00f6rmiddagen, 24 grader.<\/p>\n<p>Mest tr\u00e4dg\u00e5rdsarbete f\u00f6r min del. Rensade ogr\u00e4s bland vinet. F\u00f6re och efter<\/p>\n<p><a href=\"https:\/\/www.montendre.se\/wp-content\/uploads\/2020\/07\/IMG_9143.jpeg\"><img loading=\"lazy\" decoding=\"async\" class=\"size-medium wp-image-4226 alignleft\" src=\"https:\/\/www.montendre.se\/wp-content\/uploads\/2020\/07\/IMG_9143-225x300.jpeg\" alt=\"\" width=\"225\" height=\"300\" srcset=\"https:\/\/www.montendre.se\/wp-content\/uploads\/2020\/07\/IMG_9143-225x300.jpeg 225w, https:\/\/www.montendre.se\/wp-content\/uploads\/2020\/07\/IMG_9143-768x1024.jpeg 768w, https:\/\/www.montendre.se\/wp-content\/uploads\/2020\/07\/IMG_9143-700x933.jpeg 700w, https:\/\/www.montendre.se\/wp-content\/uploads\/2020\/07\/IMG_9143.jpeg 960w\" sizes=\"(max-width: 225px) 100vw, 225px\" \/><\/a><a href=\"https:\/\/www.montendre.se\/wp-content\/uploads\/2020\/07\/IMG_9155.jpeg\"><img loading=\"lazy\" decoding=\"async\" class=\"size-medium wp-image-4227 alignright\" src=\"https:\/\/www.montendre.se\/wp-content\/uploads\/2020\/07\/IMG_9155-300x225.jpeg\" alt=\"\" width=\"300\" height=\"225\" srcset=\"https:\/\/www.montendre.se\/wp-content\/uploads\/2020\/07\/IMG_9155-300x225.jpeg 300w, https:\/\/www.montendre.se\/wp-content\/uploads\/2020\/07\/IMG_9155-768x576.jpeg 768w, https:\/\/www.montendre.se\/wp-content\/uploads\/2020\/07\/IMG_9155-1024x768.jpeg 1024w, https:\/\/www.montendre.se\/wp-content\/uploads\/2020\/07\/IMG_9155-268x200.jpeg 268w, https:\/\/www.montendre.se\/wp-content\/uploads\/2020\/07\/IMG_9155-700x525.jpeg 700w, https:\/\/www.montendre.se\/wp-content\/uploads\/2020\/07\/IMG_9155.jpeg 1280w\" sizes=\"(max-width: 300px) 100vw, 300px\" \/><\/a><\/p>\n<p>&nbsp;<\/p>\n<p>&nbsp;<\/p>\n<p>&nbsp;<\/p>\n<p>&nbsp;<\/p>\n<p>&nbsp;<\/p>\n<p>&nbsp;<\/p>\n<p>&nbsp;<\/p>\n<p>N\u00e4r jag rensat lite runt fackelliljorna hittade jag en ny blomma l\u00e4ngst ner. F\u00e5r se om den v\u00e4xer till sig och blir r\u00f6d.<\/p>\n<p><a href=\"https:\/\/www.montendre.se\/wp-content\/uploads\/2020\/07\/IMG_9150.jpeg\"><img loading=\"lazy\" decoding=\"async\" class=\"aligncenter size-medium wp-image-4229\" src=\"https:\/\/www.montendre.se\/wp-content\/uploads\/2020\/07\/IMG_9150-225x300.jpeg\" alt=\"\" width=\"225\" height=\"300\" srcset=\"https:\/\/www.montendre.se\/wp-content\/uploads\/2020\/07\/IMG_9150-225x300.jpeg 225w, https:\/\/www.montendre.se\/wp-content\/uploads\/2020\/07\/IMG_9150-768x1024.jpeg 768w, https:\/\/www.montendre.se\/wp-content\/uploads\/2020\/07\/IMG_9150-700x933.jpeg 700w, https:\/\/www.montendre.se\/wp-content\/uploads\/2020\/07\/IMG_9150.jpeg 960w\" sizes=\"(max-width: 225px) 100vw, 225px\" \/><\/a>Planterade n\u00e5gra st\u00e4ppsalvior i rabatten.<\/p>\n<p><a href=\"https:\/\/www.montendre.se\/wp-content\/uploads\/2020\/07\/IMG_9163.jpeg\"><img loading=\"lazy\" decoding=\"async\" class=\"aligncenter size-medium wp-image-4230\" src=\"https:\/\/www.montendre.se\/wp-content\/uploads\/2020\/07\/IMG_9163-300x225.jpeg\" alt=\"\" width=\"300\" height=\"225\" srcset=\"https:\/\/www.montendre.se\/wp-content\/uploads\/2020\/07\/IMG_9163-300x225.jpeg 300w, https:\/\/www.montendre.se\/wp-content\/uploads\/2020\/07\/IMG_9163-768x576.jpeg 768w, https:\/\/www.montendre.se\/wp-content\/uploads\/2020\/07\/IMG_9163-1024x768.jpeg 1024w, https:\/\/www.montendre.se\/wp-content\/uploads\/2020\/07\/IMG_9163-268x200.jpeg 268w, https:\/\/www.montendre.se\/wp-content\/uploads\/2020\/07\/IMG_9163-700x525.jpeg 700w, https:\/\/www.montendre.se\/wp-content\/uploads\/2020\/07\/IMG_9163.jpeg 1280w\" sizes=\"(max-width: 300px) 100vw, 300px\" \/><\/a>L st\u00e4dade inomhus.<\/p>\n<p>En duva med tv\u00e5 ungar har byggt bo i palmen ut mot gatan.<\/p>\n<p><a href=\"https:\/\/www.montendre.se\/wp-content\/uploads\/2020\/07\/IMG_9161.jpeg\"><img loading=\"lazy\" decoding=\"async\" class=\"aligncenter size-medium wp-image-4228\" src=\"https:\/\/www.montendre.se\/wp-content\/uploads\/2020\/07\/IMG_9161-225x300.jpeg\" alt=\"\" width=\"225\" height=\"300\" srcset=\"https:\/\/www.montendre.se\/wp-content\/uploads\/2020\/07\/IMG_9161-225x300.jpeg 225w, https:\/\/www.montendre.se\/wp-content\/uploads\/2020\/07\/IMG_9161-768x1024.jpeg 768w, https:\/\/www.montendre.se\/wp-content\/uploads\/2020\/07\/IMG_9161-700x933.jpeg 700w, https:\/\/www.montendre.se\/wp-content\/uploads\/2020\/07\/IMG_9161.jpeg 960w\" sizes=\"(max-width: 225px) 100vw, 225px\" \/><\/a><\/p>\n<p>Middag p\u00e5 Quincaillerian. Gott som vanligt. Man var tvungen att ha mask n\u00e4r man inte satt vid sitt bord. Jag hade inte med mig n\u00e5gon men L hade. Restaurangen hade dock ett litet f\u00f6rr\u00e5d med ansiktsmasker f\u00f6r gl\u00f6mska g\u00e4ster.<\/p>\n","protected":false},"excerpt":{"rendered":"<p>Mer molnigt idag, lite regndroppar p\u00e5 f\u00f6rmiddagen, 24 grader. Mest tr\u00e4dg\u00e5rdsarbete f\u00f6r min del. Rensade ogr\u00e4s bland vinet. F\u00f6re och efter &nbsp; &nbsp; &nbsp; &nbsp; &nbsp; &nbsp; &nbsp; N\u00e4r jag rensat lite runt fackelliljorna hittade jag en ny blomma l\u00e4ngst ner. F\u00e5r se om den v\u00e4xer till sig och blir &#8230;<\/p>\n","protected":false},"author":1,"featured_media":0,"comment_status":"open","ping_status":"open","sticky":false,"template":"","format":"standard","meta":{"jetpack_post_was_ever_published":false,"_jetpack_newsletter_access":"","_jetpack_dont_email_post_to_subs":false,"_jetpack_newsletter_tier_id":0,"footnotes":""},"categories":[65],"tags":[],"jetpack_sharing_enabled":true,"jetpack_featured_media_url":"","_links":{"self":[{"href":"https:\/\/www.montendre.se\/index.php?rest_route=\/wp\/v2\/posts\/4225"}],"collection":[{"href":"https:\/\/www.montendre.se\/index.php?rest_route=\/wp\/v2\/posts"}],"about":[{"href":"https:\/\/www.montendre.se\/index.php?rest_route=\/wp\/v2\/types\/post"}],"author":[{"embeddable":true,"href":"https:\/\/www.montendre.se\/index.php?rest_route=\/wp\/v2\/users\/1"}],"replies":[{"embeddable":true,"href":"https:\/\/www.montendre.se\/index.php?rest_route=%2Fwp%2Fv2%2Fcomments&post=4225"}],"version-history":[{"count":2,"href":"https:\/\/www.montendre.se\/index.php?rest_route=\/wp\/v2\/posts\/4225\/revisions"}],"predecessor-version":[{"id":4232,"href":"https:\/\/www.montendre.se\/index.php?rest_route=\/wp\/v2\/posts\/4225\/revisions\/4232"}],"wp:attachment":[{"href":"https:\/\/www.montendre.se\/index.php?rest_route=%2Fwp%2Fv2%2Fmedia&parent=4225"}],"wp:term":[{"taxonomy":"category","embeddable":true,"href":"https:\/\/www.montendre.se\/index.php?rest_route=%2Fwp%2Fv2%2Fcategories&post=4225"},{"taxonomy":"post_tag","embeddable":true,"href":"https:\/\/www.montendre.se\/index.php?rest_route=%2Fwp%2Fv2%2Ftags&post=4225"}],"curies":[{"name":"wp","href":"https:\/\/api.w.org\/{rel}","templated":true}]}}