{"id":4181,"date":"2020-02-28T22:54:30","date_gmt":"2020-02-28T21:54:30","guid":{"rendered":"https:\/\/www.montendre.se\/?p=4181"},"modified":"2020-02-28T22:55:49","modified_gmt":"2020-02-28T21:55:49","slug":"28-februari-2020","status":"publish","type":"post","link":"https:\/\/www.montendre.se\/?p=4181","title":{"rendered":"28 februari 2020"},"content":{"rendered":"<p>Gr\u00e5tt hela dagen, lite sm\u00e5duggande d\u00e5 och d\u00e5, 13 grader.<\/p>\n<p>Hela veckan har det l\u00e5tit bakom trappv\u00e4ggen som om n\u00e5got flaxat d\u00e4r. Det finns ju ett utrymme som \u00e4r tillg\u00e4ngligt fr\u00e5n vinden och jag t\u00e4nkte att en duva trillat ner d\u00e4r och inte kunde ta sig upp. S\u00e5 titt som t\u00e4tt har det r\u00f6rt sig bakom v\u00e4ggen och jag t\u00e4nkte att duvan till slut skulle d\u00f6 och ljudet upph\u00f6ra. V\u00e4ggen \u00e4r en tegelv\u00e4gg och jag var inte j\u00e4ttesugen p\u00e5 att knacka h\u00e5l i den f\u00f6r att f\u00e5 ut duvan.<\/p>\n<p>Men n\u00e4r det fortfarande idag l\u00e4t bakom v\u00e4ggen knackade vi h\u00e5l p\u00e5 v\u00e4ggen i delen av trappan som g\u00e5r ner till k\u00e4llaren. H\u00e4r syns de tv\u00e5 tegelstenarna som vi t\u00e4nkte ta bort.<\/p>\n<p><a href=\"https:\/\/www.montendre.se\/wp-content\/uploads\/2020\/02\/IMG_9013.jpg\"><img loading=\"lazy\" decoding=\"async\" class=\"aligncenter size-medium wp-image-4183\" src=\"https:\/\/www.montendre.se\/wp-content\/uploads\/2020\/02\/IMG_9013-300x225.jpg\" alt=\"\" width=\"300\" height=\"225\" srcset=\"https:\/\/www.montendre.se\/wp-content\/uploads\/2020\/02\/IMG_9013-300x225.jpg 300w, https:\/\/www.montendre.se\/wp-content\/uploads\/2020\/02\/IMG_9013-768x576.jpg 768w, https:\/\/www.montendre.se\/wp-content\/uploads\/2020\/02\/IMG_9013-1024x768.jpg 1024w, https:\/\/www.montendre.se\/wp-content\/uploads\/2020\/02\/IMG_9013-268x200.jpg 268w, https:\/\/www.montendre.se\/wp-content\/uploads\/2020\/02\/IMG_9013-700x525.jpg 700w, https:\/\/www.montendre.se\/wp-content\/uploads\/2020\/02\/IMG_9013.jpg 1280w\" sizes=\"(max-width: 300px) 100vw, 300px\" \/><\/a>Och inne d\u00e4r l\u00e5g det inte bara en utan tv\u00e5 duvor. En vuxen och en stor unge (tror jag).<\/p>\n<p><a href=\"https:\/\/www.montendre.se\/wp-content\/uploads\/2020\/02\/IMG_9017.jpg\"><img loading=\"lazy\" decoding=\"async\" class=\"aligncenter size-medium wp-image-4185\" src=\"https:\/\/www.montendre.se\/wp-content\/uploads\/2020\/02\/IMG_9017-225x300.jpg\" alt=\"\" width=\"225\" height=\"300\" srcset=\"https:\/\/www.montendre.se\/wp-content\/uploads\/2020\/02\/IMG_9017-225x300.jpg 225w, https:\/\/www.montendre.se\/wp-content\/uploads\/2020\/02\/IMG_9017-768x1024.jpg 768w, https:\/\/www.montendre.se\/wp-content\/uploads\/2020\/02\/IMG_9017-700x933.jpg 700w, https:\/\/www.montendre.se\/wp-content\/uploads\/2020\/02\/IMG_9017.jpg 960w\" sizes=\"(max-width: 225px) 100vw, 225px\" \/><\/a>Jag f\u00f6rs\u00f6kte ta ut dem med hj\u00e4lp av en pinne men de var r\u00e4tt motsp\u00e4nstiga. S\u00e5 till slut \u00f6ppnade jag den lilla d\u00f6rren fr\u00e5n k\u00e4llaren ut mot gatan och st\u00e4ngde d\u00f6rrren ner till k\u00e4llaren s\u00e5 de fick vara i fred. Jag satte \u00e4ven dit en liten webkamera s\u00e5 jag kunde ha koll p\u00e5 dem. Till slut hoppade de ur sitt h\u00e5l i v\u00e4ggen och gick ut mot friheten p\u00e5 gatan.<\/p>\n<p>Sedan rensade L ogr\u00e4s och jag m\u00e5lade taket i badrummet nere en sista g\u00e5ng och satte upp spotlightsen. Ser v\u00e4ldigt bra ut.<\/p>\n<p><a href=\"https:\/\/www.montendre.se\/wp-content\/uploads\/2020\/02\/IMG_9020.jpg\"><img loading=\"lazy\" decoding=\"async\" class=\"aligncenter size-medium wp-image-4186\" src=\"https:\/\/www.montendre.se\/wp-content\/uploads\/2020\/02\/IMG_9020-225x300.jpg\" alt=\"\" width=\"225\" height=\"300\" srcset=\"https:\/\/www.montendre.se\/wp-content\/uploads\/2020\/02\/IMG_9020-225x300.jpg 225w, https:\/\/www.montendre.se\/wp-content\/uploads\/2020\/02\/IMG_9020-768x1024.jpg 768w, https:\/\/www.montendre.se\/wp-content\/uploads\/2020\/02\/IMG_9020-700x933.jpg 700w, https:\/\/www.montendre.se\/wp-content\/uploads\/2020\/02\/IMG_9020.jpg 960w\" sizes=\"(max-width: 225px) 100vw, 225px\" \/><\/a> <a href=\"https:\/\/www.montendre.se\/wp-content\/uploads\/2020\/02\/IMG_9021.jpg\"><img loading=\"lazy\" decoding=\"async\" class=\"aligncenter size-medium wp-image-4187\" src=\"https:\/\/www.montendre.se\/wp-content\/uploads\/2020\/02\/IMG_9021-225x300.jpg\" alt=\"\" width=\"225\" height=\"300\" srcset=\"https:\/\/www.montendre.se\/wp-content\/uploads\/2020\/02\/IMG_9021-225x300.jpg 225w, https:\/\/www.montendre.se\/wp-content\/uploads\/2020\/02\/IMG_9021-768x1024.jpg 768w, https:\/\/www.montendre.se\/wp-content\/uploads\/2020\/02\/IMG_9021-700x933.jpg 700w, https:\/\/www.montendre.se\/wp-content\/uploads\/2020\/02\/IMG_9021.jpg 960w\" sizes=\"(max-width: 225px) 100vw, 225px\" \/><\/a><\/p>\n<p>Middag p\u00e5 La Marina i Blaye.<\/p>\n","protected":false},"excerpt":{"rendered":"<p>Gr\u00e5tt hela dagen, lite sm\u00e5duggande d\u00e5 och d\u00e5, 13 grader. Hela veckan har det l\u00e5tit bakom trappv\u00e4ggen som om n\u00e5got flaxat d\u00e4r. Det finns ju ett utrymme som \u00e4r tillg\u00e4ngligt fr\u00e5n vinden och jag t\u00e4nkte att en duva trillat ner d\u00e4r och inte kunde ta sig upp. S\u00e5 titt som &#8230;<\/p>\n","protected":false},"author":1,"featured_media":0,"comment_status":"open","ping_status":"open","sticky":false,"template":"","format":"standard","meta":{"jetpack_post_was_ever_published":false,"_jetpack_newsletter_access":"","_jetpack_dont_email_post_to_subs":false,"_jetpack_newsletter_tier_id":0,"footnotes":""},"categories":[64],"tags":[],"jetpack_sharing_enabled":true,"jetpack_featured_media_url":"","_links":{"self":[{"href":"https:\/\/www.montendre.se\/index.php?rest_route=\/wp\/v2\/posts\/4181"}],"collection":[{"href":"https:\/\/www.montendre.se\/index.php?rest_route=\/wp\/v2\/posts"}],"about":[{"href":"https:\/\/www.montendre.se\/index.php?rest_route=\/wp\/v2\/types\/post"}],"author":[{"embeddable":true,"href":"https:\/\/www.montendre.se\/index.php?rest_route=\/wp\/v2\/users\/1"}],"replies":[{"embeddable":true,"href":"https:\/\/www.montendre.se\/index.php?rest_route=%2Fwp%2Fv2%2Fcomments&post=4181"}],"version-history":[{"count":5,"href":"https:\/\/www.montendre.se\/index.php?rest_route=\/wp\/v2\/posts\/4181\/revisions"}],"predecessor-version":[{"id":4190,"href":"https:\/\/www.montendre.se\/index.php?rest_route=\/wp\/v2\/posts\/4181\/revisions\/4190"}],"wp:attachment":[{"href":"https:\/\/www.montendre.se\/index.php?rest_route=%2Fwp%2Fv2%2Fmedia&parent=4181"}],"wp:term":[{"taxonomy":"category","embeddable":true,"href":"https:\/\/www.montendre.se\/index.php?rest_route=%2Fwp%2Fv2%2Fcategories&post=4181"},{"taxonomy":"post_tag","embeddable":true,"href":"https:\/\/www.montendre.se\/index.php?rest_route=%2Fwp%2Fv2%2Ftags&post=4181"}],"curies":[{"name":"wp","href":"https:\/\/api.w.org\/{rel}","templated":true}]}}