{"id":4170,"date":"2020-02-27T19:56:41","date_gmt":"2020-02-27T18:56:41","guid":{"rendered":"https:\/\/www.montendre.se\/?p=4170"},"modified":"2020-02-27T19:56:41","modified_gmt":"2020-02-27T18:56:41","slug":"27-februari-2020","status":"publish","type":"post","link":"https:\/\/www.montendre.se\/?p=4170","title":{"rendered":"27 februari 2020"},"content":{"rendered":"<p>Busv\u00e4der med regn och h\u00e5rd vind fram till tre-tiden d\u00e5 solen b\u00f6rjade titta fram d\u00e5 och d\u00e5, 12 grader.<\/p>\n<p>K\u00f6pte lite nya v\u00e4xter som vi planterade ut n\u00e4r v\u00e4dret b\u00e4ttrade sig.<\/p>\n<p>N\u00e5gra dahlior i rabatten.<a href=\"https:\/\/www.montendre.se\/wp-content\/uploads\/2020\/02\/IMG_9004.jpg\"><br \/>\n<\/a><a href=\"https:\/\/www.montendre.se\/wp-content\/uploads\/2020\/02\/IMG_9003.jpg\"><img loading=\"lazy\" decoding=\"async\" class=\"aligncenter size-medium wp-image-4171\" src=\"https:\/\/www.montendre.se\/wp-content\/uploads\/2020\/02\/IMG_9003-300x225.jpg\" alt=\"\" width=\"300\" height=\"225\" srcset=\"https:\/\/www.montendre.se\/wp-content\/uploads\/2020\/02\/IMG_9003-300x225.jpg 300w, https:\/\/www.montendre.se\/wp-content\/uploads\/2020\/02\/IMG_9003-768x576.jpg 768w, https:\/\/www.montendre.se\/wp-content\/uploads\/2020\/02\/IMG_9003-1024x768.jpg 1024w, https:\/\/www.montendre.se\/wp-content\/uploads\/2020\/02\/IMG_9003-268x200.jpg 268w, https:\/\/www.montendre.se\/wp-content\/uploads\/2020\/02\/IMG_9003-700x525.jpg 700w, https:\/\/www.montendre.se\/wp-content\/uploads\/2020\/02\/IMG_9003.jpg 1280w\" sizes=\"(max-width: 300px) 100vw, 300px\" \/><\/a>Och L k\u00f6pte ranunklar till krukorna.<a href=\"https:\/\/www.montendre.se\/wp-content\/uploads\/2020\/02\/IMG_9007.jpg\"><img loading=\"lazy\" decoding=\"async\" class=\"aligncenter size-medium wp-image-4172\" src=\"https:\/\/www.montendre.se\/wp-content\/uploads\/2020\/02\/IMG_9007-300x225.jpg\" alt=\"\" width=\"300\" height=\"225\" srcset=\"https:\/\/www.montendre.se\/wp-content\/uploads\/2020\/02\/IMG_9007-300x225.jpg 300w, https:\/\/www.montendre.se\/wp-content\/uploads\/2020\/02\/IMG_9007-768x576.jpg 768w, https:\/\/www.montendre.se\/wp-content\/uploads\/2020\/02\/IMG_9007-1024x768.jpg 1024w, https:\/\/www.montendre.se\/wp-content\/uploads\/2020\/02\/IMG_9007-268x200.jpg 268w, https:\/\/www.montendre.se\/wp-content\/uploads\/2020\/02\/IMG_9007-700x525.jpg 700w, https:\/\/www.montendre.se\/wp-content\/uploads\/2020\/02\/IMG_9007.jpg 1280w\" sizes=\"(max-width: 300px) 100vw, 300px\" \/><\/a> <a href=\"https:\/\/www.montendre.se\/wp-content\/uploads\/2020\/02\/IMG_9001.jpg\"><br \/>\n<\/a> <a href=\"https:\/\/www.montendre.se\/wp-content\/uploads\/2020\/02\/IMG_9006.jpg\"><img loading=\"lazy\" decoding=\"async\" class=\"aligncenter size-medium wp-image-4175\" src=\"https:\/\/www.montendre.se\/wp-content\/uploads\/2020\/02\/IMG_9006-300x225.jpg\" alt=\"\" width=\"300\" height=\"225\" srcset=\"https:\/\/www.montendre.se\/wp-content\/uploads\/2020\/02\/IMG_9006-300x225.jpg 300w, https:\/\/www.montendre.se\/wp-content\/uploads\/2020\/02\/IMG_9006-768x576.jpg 768w, https:\/\/www.montendre.se\/wp-content\/uploads\/2020\/02\/IMG_9006-1024x768.jpg 1024w, https:\/\/www.montendre.se\/wp-content\/uploads\/2020\/02\/IMG_9006-268x200.jpg 268w, https:\/\/www.montendre.se\/wp-content\/uploads\/2020\/02\/IMG_9006-700x525.jpg 700w, https:\/\/www.montendre.se\/wp-content\/uploads\/2020\/02\/IMG_9006.jpg 1280w\" sizes=\"(max-width: 300px) 100vw, 300px\" \/><\/a>Jag fixade till fyrkanten ocks\u00e5. De tv\u00e5 fackelliljorna (i bortre h\u00f6nsn\u00e4tet) verkar ta sig bra med en massa nya skott p\u00e5 sidorna.<a href=\"https:\/\/www.montendre.se\/wp-content\/uploads\/2020\/02\/IMG_9004.jpg\"><img loading=\"lazy\" decoding=\"async\" class=\"aligncenter size-medium wp-image-4173\" src=\"https:\/\/www.montendre.se\/wp-content\/uploads\/2020\/02\/IMG_9004-300x225.jpg\" alt=\"\" width=\"300\" height=\"225\" srcset=\"https:\/\/www.montendre.se\/wp-content\/uploads\/2020\/02\/IMG_9004-300x225.jpg 300w, https:\/\/www.montendre.se\/wp-content\/uploads\/2020\/02\/IMG_9004-768x576.jpg 768w, https:\/\/www.montendre.se\/wp-content\/uploads\/2020\/02\/IMG_9004-1024x768.jpg 1024w, https:\/\/www.montendre.se\/wp-content\/uploads\/2020\/02\/IMG_9004-268x200.jpg 268w, https:\/\/www.montendre.se\/wp-content\/uploads\/2020\/02\/IMG_9004-700x525.jpg 700w, https:\/\/www.montendre.se\/wp-content\/uploads\/2020\/02\/IMG_9004.jpg 1280w\" sizes=\"(max-width: 300px) 100vw, 300px\" \/><\/a>M\u00e5lade ett andra lager p\u00e5 en del lister och ett f\u00f6rsta lager p\u00e5 den breda delen p\u00e5 v\u00e4ggen.<a href=\"https:\/\/www.montendre.se\/wp-content\/uploads\/2020\/02\/IMG_9001.jpg\"><img loading=\"lazy\" decoding=\"async\" class=\"aligncenter size-medium wp-image-4174\" src=\"https:\/\/www.montendre.se\/wp-content\/uploads\/2020\/02\/IMG_9001-225x300.jpg\" alt=\"\" width=\"225\" height=\"300\" srcset=\"https:\/\/www.montendre.se\/wp-content\/uploads\/2020\/02\/IMG_9001-225x300.jpg 225w, https:\/\/www.montendre.se\/wp-content\/uploads\/2020\/02\/IMG_9001-768x1024.jpg 768w, https:\/\/www.montendre.se\/wp-content\/uploads\/2020\/02\/IMG_9001-700x933.jpg 700w, https:\/\/www.montendre.se\/wp-content\/uploads\/2020\/02\/IMG_9001.jpg 960w\" sizes=\"(max-width: 225px) 100vw, 225px\" \/><\/a>M\u00e5lade ett andra lager p\u00e5 badrumstaket nere men det beh\u00f6vs dessv\u00e4rre ett tredje lager ocks\u00e5.<\/p>\n<p>Middag hemma, ostron till f\u00f6rr\u00e4tt och pilgrimsmusslor med oregano-potatis till varmr\u00e4tt.<\/p>\n<p><a href=\"https:\/\/www.montendre.se\/wp-content\/uploads\/2020\/02\/IMG_9009.jpg\"><img loading=\"lazy\" decoding=\"async\" class=\"aligncenter size-medium wp-image-4178\" src=\"https:\/\/www.montendre.se\/wp-content\/uploads\/2020\/02\/IMG_9009-300x225.jpg\" alt=\"\" width=\"300\" height=\"225\" srcset=\"https:\/\/www.montendre.se\/wp-content\/uploads\/2020\/02\/IMG_9009-300x225.jpg 300w, https:\/\/www.montendre.se\/wp-content\/uploads\/2020\/02\/IMG_9009-768x576.jpg 768w, https:\/\/www.montendre.se\/wp-content\/uploads\/2020\/02\/IMG_9009-1024x768.jpg 1024w, https:\/\/www.montendre.se\/wp-content\/uploads\/2020\/02\/IMG_9009-268x200.jpg 268w, https:\/\/www.montendre.se\/wp-content\/uploads\/2020\/02\/IMG_9009-700x525.jpg 700w, https:\/\/www.montendre.se\/wp-content\/uploads\/2020\/02\/IMG_9009.jpg 1280w\" sizes=\"(max-width: 300px) 100vw, 300px\" \/><\/a><\/p>\n","protected":false},"excerpt":{"rendered":"<p>Busv\u00e4der med regn och h\u00e5rd vind fram till tre-tiden d\u00e5 solen b\u00f6rjade titta fram d\u00e5 och d\u00e5, 12 grader. K\u00f6pte lite nya v\u00e4xter som vi planterade ut n\u00e4r v\u00e4dret b\u00e4ttrade sig. N\u00e5gra dahlior i rabatten. Och L k\u00f6pte ranunklar till krukorna. Jag fixade till fyrkanten ocks\u00e5. De tv\u00e5 fackelliljorna (i &#8230;<\/p>\n","protected":false},"author":1,"featured_media":0,"comment_status":"open","ping_status":"open","sticky":false,"template":"","format":"standard","meta":{"jetpack_post_was_ever_published":false,"_jetpack_newsletter_access":"","_jetpack_dont_email_post_to_subs":false,"_jetpack_newsletter_tier_id":0,"footnotes":""},"categories":[64],"tags":[],"jetpack_sharing_enabled":true,"jetpack_featured_media_url":"","_links":{"self":[{"href":"https:\/\/www.montendre.se\/index.php?rest_route=\/wp\/v2\/posts\/4170"}],"collection":[{"href":"https:\/\/www.montendre.se\/index.php?rest_route=\/wp\/v2\/posts"}],"about":[{"href":"https:\/\/www.montendre.se\/index.php?rest_route=\/wp\/v2\/types\/post"}],"author":[{"embeddable":true,"href":"https:\/\/www.montendre.se\/index.php?rest_route=\/wp\/v2\/users\/1"}],"replies":[{"embeddable":true,"href":"https:\/\/www.montendre.se\/index.php?rest_route=%2Fwp%2Fv2%2Fcomments&post=4170"}],"version-history":[{"count":3,"href":"https:\/\/www.montendre.se\/index.php?rest_route=\/wp\/v2\/posts\/4170\/revisions"}],"predecessor-version":[{"id":4179,"href":"https:\/\/www.montendre.se\/index.php?rest_route=\/wp\/v2\/posts\/4170\/revisions\/4179"}],"wp:attachment":[{"href":"https:\/\/www.montendre.se\/index.php?rest_route=%2Fwp%2Fv2%2Fmedia&parent=4170"}],"wp:term":[{"taxonomy":"category","embeddable":true,"href":"https:\/\/www.montendre.se\/index.php?rest_route=%2Fwp%2Fv2%2Fcategories&post=4170"},{"taxonomy":"post_tag","embeddable":true,"href":"https:\/\/www.montendre.se\/index.php?rest_route=%2Fwp%2Fv2%2Ftags&post=4170"}],"curies":[{"name":"wp","href":"https:\/\/api.w.org\/{rel}","templated":true}]}}