{"id":4139,"date":"2020-02-24T19:31:31","date_gmt":"2020-02-24T18:31:31","guid":{"rendered":"https:\/\/www.montendre.se\/?p=4139"},"modified":"2020-02-24T19:32:10","modified_gmt":"2020-02-24T18:32:10","slug":"24-februari-2020","status":"publish","type":"post","link":"https:\/\/www.montendre.se\/?p=4139","title":{"rendered":"24 februari 2020"},"content":{"rendered":"<p>Mulet p\u00e5 f\u00f6rmiddagen men sol fr\u00e5n 12-tiden, 14 grader.<\/p>\n<p>V\u00e4skan kom p\u00e5 f\u00f6rmiddagen.<\/p>\n<p>M\u00e5nga frukttr\u00e4d som blommar: plommon, kvitten, aprikos och persika.<a href=\"https:\/\/www.montendre.se\/wp-content\/uploads\/2020\/02\/IMG_8959.jpg\"><img loading=\"lazy\" decoding=\"async\" class=\"aligncenter size-medium wp-image-4140\" src=\"https:\/\/www.montendre.se\/wp-content\/uploads\/2020\/02\/IMG_8959-300x225.jpg\" alt=\"\" width=\"300\" height=\"225\" srcset=\"https:\/\/www.montendre.se\/wp-content\/uploads\/2020\/02\/IMG_8959-300x225.jpg 300w, https:\/\/www.montendre.se\/wp-content\/uploads\/2020\/02\/IMG_8959-768x576.jpg 768w, https:\/\/www.montendre.se\/wp-content\/uploads\/2020\/02\/IMG_8959-1024x768.jpg 1024w, https:\/\/www.montendre.se\/wp-content\/uploads\/2020\/02\/IMG_8959-268x200.jpg 268w, https:\/\/www.montendre.se\/wp-content\/uploads\/2020\/02\/IMG_8959-700x525.jpg 700w, https:\/\/www.montendre.se\/wp-content\/uploads\/2020\/02\/IMG_8959.jpg 1280w\" sizes=\"(max-width: 300px) 100vw, 300px\" \/><\/a> <a href=\"https:\/\/www.montendre.se\/wp-content\/uploads\/2020\/02\/IMG_8961.jpg\"><img loading=\"lazy\" decoding=\"async\" class=\"aligncenter size-medium wp-image-4142\" src=\"https:\/\/www.montendre.se\/wp-content\/uploads\/2020\/02\/IMG_8961-300x225.jpg\" alt=\"\" width=\"300\" height=\"225\" srcset=\"https:\/\/www.montendre.se\/wp-content\/uploads\/2020\/02\/IMG_8961-300x225.jpg 300w, https:\/\/www.montendre.se\/wp-content\/uploads\/2020\/02\/IMG_8961-768x576.jpg 768w, https:\/\/www.montendre.se\/wp-content\/uploads\/2020\/02\/IMG_8961-1024x768.jpg 1024w, https:\/\/www.montendre.se\/wp-content\/uploads\/2020\/02\/IMG_8961-268x200.jpg 268w, https:\/\/www.montendre.se\/wp-content\/uploads\/2020\/02\/IMG_8961-700x525.jpg 700w, https:\/\/www.montendre.se\/wp-content\/uploads\/2020\/02\/IMG_8961.jpg 1280w\" sizes=\"(max-width: 300px) 100vw, 300px\" \/><\/a><a href=\"https:\/\/www.montendre.se\/wp-content\/uploads\/2020\/02\/IMG_8969.jpg\"><img loading=\"lazy\" decoding=\"async\" class=\"aligncenter size-medium wp-image-4146\" src=\"https:\/\/www.montendre.se\/wp-content\/uploads\/2020\/02\/IMG_8969-225x300.jpg\" alt=\"\" width=\"225\" height=\"300\" srcset=\"https:\/\/www.montendre.se\/wp-content\/uploads\/2020\/02\/IMG_8969-225x300.jpg 225w, https:\/\/www.montendre.se\/wp-content\/uploads\/2020\/02\/IMG_8969-768x1024.jpg 768w, https:\/\/www.montendre.se\/wp-content\/uploads\/2020\/02\/IMG_8969-700x933.jpg 700w, https:\/\/www.montendre.se\/wp-content\/uploads\/2020\/02\/IMG_8969.jpg 960w\" sizes=\"(max-width: 225px) 100vw, 225px\" \/><\/a><a href=\"https:\/\/www.montendre.se\/wp-content\/uploads\/2020\/02\/IMG_8963.jpg\"><img loading=\"lazy\" decoding=\"async\" class=\"aligncenter size-medium wp-image-4143\" src=\"https:\/\/www.montendre.se\/wp-content\/uploads\/2020\/02\/IMG_8963-225x300.jpg\" alt=\"\" width=\"225\" height=\"300\" srcset=\"https:\/\/www.montendre.se\/wp-content\/uploads\/2020\/02\/IMG_8963-225x300.jpg 225w, https:\/\/www.montendre.se\/wp-content\/uploads\/2020\/02\/IMG_8963-768x1024.jpg 768w, https:\/\/www.montendre.se\/wp-content\/uploads\/2020\/02\/IMG_8963-700x933.jpg 700w, https:\/\/www.montendre.se\/wp-content\/uploads\/2020\/02\/IMG_8963.jpg 960w\" sizes=\"(max-width: 225px) 100vw, 225px\" \/><\/a><a href=\"https:\/\/www.montendre.se\/wp-content\/uploads\/2020\/02\/IMG_8979.jpg\"><img loading=\"lazy\" decoding=\"async\" class=\"aligncenter size-medium wp-image-4154\" src=\"https:\/\/www.montendre.se\/wp-content\/uploads\/2020\/02\/IMG_8979-300x225.jpg\" alt=\"\" width=\"300\" height=\"225\" srcset=\"https:\/\/www.montendre.se\/wp-content\/uploads\/2020\/02\/IMG_8979-300x225.jpg 300w, https:\/\/www.montendre.se\/wp-content\/uploads\/2020\/02\/IMG_8979-768x576.jpg 768w, https:\/\/www.montendre.se\/wp-content\/uploads\/2020\/02\/IMG_8979-1024x768.jpg 1024w, https:\/\/www.montendre.se\/wp-content\/uploads\/2020\/02\/IMG_8979-268x200.jpg 268w, https:\/\/www.montendre.se\/wp-content\/uploads\/2020\/02\/IMG_8979-700x525.jpg 700w, https:\/\/www.montendre.se\/wp-content\/uploads\/2020\/02\/IMG_8979.jpg 1280w\" sizes=\"(max-width: 300px) 100vw, 300px\" \/><\/a><a href=\"https:\/\/www.montendre.se\/wp-content\/uploads\/2020\/02\/IMG_8981.jpg\"><img loading=\"lazy\" decoding=\"async\" class=\"aligncenter size-medium wp-image-4155\" src=\"https:\/\/www.montendre.se\/wp-content\/uploads\/2020\/02\/IMG_8981-300x225.jpg\" alt=\"\" width=\"300\" height=\"225\" srcset=\"https:\/\/www.montendre.se\/wp-content\/uploads\/2020\/02\/IMG_8981-300x225.jpg 300w, https:\/\/www.montendre.se\/wp-content\/uploads\/2020\/02\/IMG_8981-768x576.jpg 768w, https:\/\/www.montendre.se\/wp-content\/uploads\/2020\/02\/IMG_8981-1024x768.jpg 1024w, https:\/\/www.montendre.se\/wp-content\/uploads\/2020\/02\/IMG_8981-268x200.jpg 268w, https:\/\/www.montendre.se\/wp-content\/uploads\/2020\/02\/IMG_8981-700x525.jpg 700w, https:\/\/www.montendre.se\/wp-content\/uploads\/2020\/02\/IMG_8981.jpg 1280w\" sizes=\"(max-width: 300px) 100vw, 300px\" \/><\/a>Fem av de sm\u00e5 p\u00e4rlhyacint-l\u00f6kar som jag satte \u00e4r p\u00e5 v\u00e4g upp. \u00d6vriga l\u00f6kar jag k\u00f6pte syns inte till.<br \/>\n<a href=\"https:\/\/www.montendre.se\/wp-content\/uploads\/2020\/02\/IMG_8960.jpg\"><img loading=\"lazy\" decoding=\"async\" class=\"aligncenter size-medium wp-image-4141\" src=\"https:\/\/www.montendre.se\/wp-content\/uploads\/2020\/02\/IMG_8960-300x225.jpg\" alt=\"\" width=\"300\" height=\"225\" srcset=\"https:\/\/www.montendre.se\/wp-content\/uploads\/2020\/02\/IMG_8960-300x225.jpg 300w, https:\/\/www.montendre.se\/wp-content\/uploads\/2020\/02\/IMG_8960-768x576.jpg 768w, https:\/\/www.montendre.se\/wp-content\/uploads\/2020\/02\/IMG_8960-1024x768.jpg 1024w, https:\/\/www.montendre.se\/wp-content\/uploads\/2020\/02\/IMG_8960-268x200.jpg 268w, https:\/\/www.montendre.se\/wp-content\/uploads\/2020\/02\/IMG_8960-700x525.jpg 700w, https:\/\/www.montendre.se\/wp-content\/uploads\/2020\/02\/IMG_8960.jpg 1280w\" sizes=\"(max-width: 300px) 100vw, 300px\" \/><\/a> <a href=\"https:\/\/www.montendre.se\/wp-content\/uploads\/2020\/02\/IMG_8963.jpg\"><br \/>\n<\/a>Och rabatten ner mot No\u00ebl blommar r\u00e4tt bra. N\u00e4stan som ogr\u00e4s.<a href=\"https:\/\/www.montendre.se\/wp-content\/uploads\/2020\/02\/IMG_8964.jpg\"><img loading=\"lazy\" decoding=\"async\" class=\"aligncenter size-medium wp-image-4144\" src=\"https:\/\/www.montendre.se\/wp-content\/uploads\/2020\/02\/IMG_8964-225x300.jpg\" alt=\"\" width=\"225\" height=\"300\" srcset=\"https:\/\/www.montendre.se\/wp-content\/uploads\/2020\/02\/IMG_8964-225x300.jpg 225w, https:\/\/www.montendre.se\/wp-content\/uploads\/2020\/02\/IMG_8964-768x1024.jpg 768w, https:\/\/www.montendre.se\/wp-content\/uploads\/2020\/02\/IMG_8964-700x933.jpg 700w, https:\/\/www.montendre.se\/wp-content\/uploads\/2020\/02\/IMG_8964.jpg 960w\" sizes=\"(max-width: 225px) 100vw, 225px\" \/><\/a>Gr\u00e4set \u00e4r h\u00f6gt efter en mild vinter. Man ser r\u00e4tt tydligt vilka omr\u00e5den som jag anv\u00e4nt g\u00f6dning p\u00e5.<a href=\"https:\/\/www.montendre.se\/wp-content\/uploads\/2020\/02\/IMG_8966.jpg\"><img loading=\"lazy\" decoding=\"async\" class=\"aligncenter size-medium wp-image-4145\" src=\"https:\/\/www.montendre.se\/wp-content\/uploads\/2020\/02\/IMG_8966-300x225.jpg\" alt=\"\" width=\"300\" height=\"225\" srcset=\"https:\/\/www.montendre.se\/wp-content\/uploads\/2020\/02\/IMG_8966-300x225.jpg 300w, https:\/\/www.montendre.se\/wp-content\/uploads\/2020\/02\/IMG_8966-768x576.jpg 768w, https:\/\/www.montendre.se\/wp-content\/uploads\/2020\/02\/IMG_8966-1024x768.jpg 1024w, https:\/\/www.montendre.se\/wp-content\/uploads\/2020\/02\/IMG_8966-268x200.jpg 268w, https:\/\/www.montendre.se\/wp-content\/uploads\/2020\/02\/IMG_8966-700x525.jpg 700w, https:\/\/www.montendre.se\/wp-content\/uploads\/2020\/02\/IMG_8966.jpg 1280w\" sizes=\"(max-width: 300px) 100vw, 300px\" \/><\/a> <a href=\"https:\/\/www.montendre.se\/wp-content\/uploads\/2020\/02\/IMG_8969.jpg\"><br \/>\n<\/a>F\u00f6rra resan tog vi med n\u00e5gra pingstlilje-l\u00f6kar\u00a0som vi hade p\u00e5 balkongen f\u00f6rra \u00e5ret. Blommar nu p\u00e5 framsidan.<a href=\"https:\/\/www.montendre.se\/wp-content\/uploads\/2020\/02\/IMG_8970.jpg\"><img loading=\"lazy\" decoding=\"async\" class=\"aligncenter size-medium wp-image-4147\" src=\"https:\/\/www.montendre.se\/wp-content\/uploads\/2020\/02\/IMG_8970-225x300.jpg\" alt=\"\" width=\"225\" height=\"300\" srcset=\"https:\/\/www.montendre.se\/wp-content\/uploads\/2020\/02\/IMG_8970-225x300.jpg 225w, https:\/\/www.montendre.se\/wp-content\/uploads\/2020\/02\/IMG_8970-768x1024.jpg 768w, https:\/\/www.montendre.se\/wp-content\/uploads\/2020\/02\/IMG_8970-700x933.jpg 700w, https:\/\/www.montendre.se\/wp-content\/uploads\/2020\/02\/IMG_8970.jpg 960w\" sizes=\"(max-width: 225px) 100vw, 225px\" \/><\/a>Och busken vid uthuset blommar mycket i \u00e5r. Brukar vara vartannat \u00e5r som den blommar mycket.<a href=\"https:\/\/www.montendre.se\/wp-content\/uploads\/2020\/02\/IMG_8972.jpg\"><img loading=\"lazy\" decoding=\"async\" class=\"aligncenter size-medium wp-image-4148\" src=\"https:\/\/www.montendre.se\/wp-content\/uploads\/2020\/02\/IMG_8972-225x300.jpg\" alt=\"\" width=\"225\" height=\"300\" srcset=\"https:\/\/www.montendre.se\/wp-content\/uploads\/2020\/02\/IMG_8972-225x300.jpg 225w, https:\/\/www.montendre.se\/wp-content\/uploads\/2020\/02\/IMG_8972-768x1024.jpg 768w, https:\/\/www.montendre.se\/wp-content\/uploads\/2020\/02\/IMG_8972-700x933.jpg 700w, https:\/\/www.montendre.se\/wp-content\/uploads\/2020\/02\/IMG_8972.jpg 960w\" sizes=\"(max-width: 225px) 100vw, 225px\" \/><\/a>Jag har lackat golvet i korridoren uppe. Det som jag n\u00e5tade f\u00f6rra resan.<\/p>\n<p><a href=\"https:\/\/www.montendre.se\/wp-content\/uploads\/2020\/02\/IMG_8990.jpg\"><img loading=\"lazy\" decoding=\"async\" class=\"aligncenter size-medium wp-image-4157\" src=\"https:\/\/www.montendre.se\/wp-content\/uploads\/2020\/02\/IMG_8990-225x300.jpg\" alt=\"\" width=\"225\" height=\"300\" srcset=\"https:\/\/www.montendre.se\/wp-content\/uploads\/2020\/02\/IMG_8990-225x300.jpg 225w, https:\/\/www.montendre.se\/wp-content\/uploads\/2020\/02\/IMG_8990-768x1024.jpg 768w, https:\/\/www.montendre.se\/wp-content\/uploads\/2020\/02\/IMG_8990-700x933.jpg 700w, https:\/\/www.montendre.se\/wp-content\/uploads\/2020\/02\/IMG_8990.jpg 960w\" sizes=\"(max-width: 225px) 100vw, 225px\" \/><\/a><\/p>\n<p>Klippo fick komma ut efter att jag rensat gr\u00e4smattan fr\u00e5n en massa pinnar som bl\u00e5st ner under vinter\/h\u00f6st. Gr\u00e4set har v\u00e4xt mycket \u00e4ven under december\/januari s\u00e5 Klippo har det r\u00e4tt jobbigt.<\/p>\n<p><a href=\"https:\/\/www.montendre.se\/wp-content\/uploads\/2020\/02\/IMG_8976.jpg\"><img loading=\"lazy\" decoding=\"async\" class=\"aligncenter size-medium wp-image-4150\" src=\"https:\/\/www.montendre.se\/wp-content\/uploads\/2020\/02\/IMG_8976-300x225.jpg\" alt=\"\" width=\"300\" height=\"225\" srcset=\"https:\/\/www.montendre.se\/wp-content\/uploads\/2020\/02\/IMG_8976-300x225.jpg 300w, https:\/\/www.montendre.se\/wp-content\/uploads\/2020\/02\/IMG_8976-768x576.jpg 768w, https:\/\/www.montendre.se\/wp-content\/uploads\/2020\/02\/IMG_8976-1024x768.jpg 1024w, https:\/\/www.montendre.se\/wp-content\/uploads\/2020\/02\/IMG_8976-268x200.jpg 268w, https:\/\/www.montendre.se\/wp-content\/uploads\/2020\/02\/IMG_8976-700x525.jpg 700w, https:\/\/www.montendre.se\/wp-content\/uploads\/2020\/02\/IMG_8976.jpg 1280w\" sizes=\"(max-width: 300px) 100vw, 300px\" \/><\/a>Middag hemma.<\/p>\n","protected":false},"excerpt":{"rendered":"<p>Mulet p\u00e5 f\u00f6rmiddagen men sol fr\u00e5n 12-tiden, 14 grader. V\u00e4skan kom p\u00e5 f\u00f6rmiddagen. M\u00e5nga frukttr\u00e4d som blommar: plommon, kvitten, aprikos och persika. Fem av de sm\u00e5 p\u00e4rlhyacint-l\u00f6kar som jag satte \u00e4r p\u00e5 v\u00e4g upp. \u00d6vriga l\u00f6kar jag k\u00f6pte syns inte till. Och rabatten ner mot No\u00ebl blommar r\u00e4tt bra. N\u00e4stan &#8230;<\/p>\n","protected":false},"author":1,"featured_media":0,"comment_status":"open","ping_status":"open","sticky":false,"template":"","format":"standard","meta":{"jetpack_post_was_ever_published":false,"_jetpack_newsletter_access":"","_jetpack_dont_email_post_to_subs":false,"_jetpack_newsletter_tier_id":0,"footnotes":""},"categories":[64],"tags":[],"jetpack_sharing_enabled":true,"jetpack_featured_media_url":"","_links":{"self":[{"href":"https:\/\/www.montendre.se\/index.php?rest_route=\/wp\/v2\/posts\/4139"}],"collection":[{"href":"https:\/\/www.montendre.se\/index.php?rest_route=\/wp\/v2\/posts"}],"about":[{"href":"https:\/\/www.montendre.se\/index.php?rest_route=\/wp\/v2\/types\/post"}],"author":[{"embeddable":true,"href":"https:\/\/www.montendre.se\/index.php?rest_route=\/wp\/v2\/users\/1"}],"replies":[{"embeddable":true,"href":"https:\/\/www.montendre.se\/index.php?rest_route=%2Fwp%2Fv2%2Fcomments&post=4139"}],"version-history":[{"count":7,"href":"https:\/\/www.montendre.se\/index.php?rest_route=\/wp\/v2\/posts\/4139\/revisions"}],"predecessor-version":[{"id":4159,"href":"https:\/\/www.montendre.se\/index.php?rest_route=\/wp\/v2\/posts\/4139\/revisions\/4159"}],"wp:attachment":[{"href":"https:\/\/www.montendre.se\/index.php?rest_route=%2Fwp%2Fv2%2Fmedia&parent=4139"}],"wp:term":[{"taxonomy":"category","embeddable":true,"href":"https:\/\/www.montendre.se\/index.php?rest_route=%2Fwp%2Fv2%2Fcategories&post=4139"},{"taxonomy":"post_tag","embeddable":true,"href":"https:\/\/www.montendre.se\/index.php?rest_route=%2Fwp%2Fv2%2Ftags&post=4139"}],"curies":[{"name":"wp","href":"https:\/\/api.w.org\/{rel}","templated":true}]}}