{"id":4105,"date":"2020-01-08T20:03:27","date_gmt":"2020-01-08T19:03:27","guid":{"rendered":"https:\/\/www.montendre.se\/?p=4105"},"modified":"2020-01-08T20:03:27","modified_gmt":"2020-01-08T19:03:27","slug":"8-januari-2020","status":"publish","type":"post","link":"https:\/\/www.montendre.se\/?p=4105","title":{"rendered":"8 januari 2020"},"content":{"rendered":"<p>Mestadels mulet idag, 13 grader.<\/p>\n<p>Spelade in ljudet i sovrummet ig\u00e5r kv\u00e4ll. Ganska tyst men man h\u00f6r det som ett slags fladder.<\/p>\n<!--[if lt IE 9]><script>document.createElement('audio');<\/script><![endif]-->\n<audio class=\"wp-audio-shortcode\" id=\"audio-4105-1\" preload=\"none\" style=\"width: 100%;\" controls=\"controls\"><source type=\"audio\/mpeg\" src=\"https:\/\/www.montendre.se\/wp-content\/uploads\/2020\/01\/flutter.mp3?_=1\" \/><a href=\"https:\/\/www.montendre.se\/wp-content\/uploads\/2020\/01\/flutter.mp3\">https:\/\/www.montendre.se\/wp-content\/uploads\/2020\/01\/flutter.mp3<\/a><\/audio>\n<p>N\u00e4r jag bankade h\u00e5rt i v\u00e4ggen ett par g\u00e5nger h\u00f6rde jag lite r\u00f6relse ned\u00e5t d\u00e4r inne och sedan var det tyst. Jag sov i vanliga sovrummert i natt.<\/p>\n<p>Elektrikern har inte h\u00f6rt av sig s\u00e5 nu drog jag elen sj\u00e4lv f\u00f6r belysningen i badrummet nere.<\/p>\n<p><a href=\"https:\/\/www.montendre.se\/wp-content\/uploads\/2020\/01\/IMG_8893.jpg\"><img loading=\"lazy\" decoding=\"async\" class=\"aligncenter size-medium wp-image-4111\" src=\"https:\/\/www.montendre.se\/wp-content\/uploads\/2020\/01\/IMG_8893-300x225.jpg\" alt=\"\" width=\"300\" height=\"225\" srcset=\"https:\/\/www.montendre.se\/wp-content\/uploads\/2020\/01\/IMG_8893-300x225.jpg 300w, https:\/\/www.montendre.se\/wp-content\/uploads\/2020\/01\/IMG_8893-768x576.jpg 768w, https:\/\/www.montendre.se\/wp-content\/uploads\/2020\/01\/IMG_8893-1024x768.jpg 1024w, https:\/\/www.montendre.se\/wp-content\/uploads\/2020\/01\/IMG_8893-268x200.jpg 268w, https:\/\/www.montendre.se\/wp-content\/uploads\/2020\/01\/IMG_8893-700x525.jpg 700w, https:\/\/www.montendre.se\/wp-content\/uploads\/2020\/01\/IMG_8893.jpg 1280w\" sizes=\"(max-width: 300px) 100vw, 300px\" \/><\/a><\/p>\n<p>Satte sedan upp tv\u00e5 gipsskivor.<\/p>\n<p><a href=\"https:\/\/www.montendre.se\/wp-content\/uploads\/2020\/01\/IMG_8897.jpg\"><img loading=\"lazy\" decoding=\"async\" class=\"aligncenter size-medium wp-image-4110\" src=\"https:\/\/www.montendre.se\/wp-content\/uploads\/2020\/01\/IMG_8897-300x225.jpg\" alt=\"\" width=\"300\" height=\"225\" srcset=\"https:\/\/www.montendre.se\/wp-content\/uploads\/2020\/01\/IMG_8897-300x225.jpg 300w, https:\/\/www.montendre.se\/wp-content\/uploads\/2020\/01\/IMG_8897-768x576.jpg 768w, https:\/\/www.montendre.se\/wp-content\/uploads\/2020\/01\/IMG_8897-1024x768.jpg 1024w, https:\/\/www.montendre.se\/wp-content\/uploads\/2020\/01\/IMG_8897-268x200.jpg 268w, https:\/\/www.montendre.se\/wp-content\/uploads\/2020\/01\/IMG_8897-700x525.jpg 700w, https:\/\/www.montendre.se\/wp-content\/uploads\/2020\/01\/IMG_8897.jpg 1280w\" sizes=\"(max-width: 300px) 100vw, 300px\" \/><\/a>Har v\u00e4xlat arbetsuppgifter f\u00f6r kroppens skull s\u00e5 jag har f\u00f6rberett n\u00e5tningen genom att rensa klart alla springor och sedan maskerat springorna. I morgon b\u00f6rjar jag fylla p\u00e5 med fogmassa.<\/p>\n<p><a href=\"https:\/\/www.montendre.se\/wp-content\/uploads\/2020\/01\/IMG_8900.jpg\"><img loading=\"lazy\" decoding=\"async\" class=\"aligncenter size-medium wp-image-4112\" src=\"https:\/\/www.montendre.se\/wp-content\/uploads\/2020\/01\/IMG_8900-300x225.jpg\" alt=\"\" width=\"300\" height=\"225\" srcset=\"https:\/\/www.montendre.se\/wp-content\/uploads\/2020\/01\/IMG_8900-300x225.jpg 300w, https:\/\/www.montendre.se\/wp-content\/uploads\/2020\/01\/IMG_8900-768x576.jpg 768w, https:\/\/www.montendre.se\/wp-content\/uploads\/2020\/01\/IMG_8900-1024x768.jpg 1024w, https:\/\/www.montendre.se\/wp-content\/uploads\/2020\/01\/IMG_8900-268x200.jpg 268w, https:\/\/www.montendre.se\/wp-content\/uploads\/2020\/01\/IMG_8900-700x525.jpg 700w, https:\/\/www.montendre.se\/wp-content\/uploads\/2020\/01\/IMG_8900.jpg 1280w\" sizes=\"(max-width: 300px) 100vw, 300px\" \/><\/a>Middag p\u00e5 baren.<\/p>\n","protected":false},"excerpt":{"rendered":"<p>Mestadels mulet idag, 13 grader. Spelade in ljudet i sovrummet ig\u00e5r kv\u00e4ll. Ganska tyst men man h\u00f6r det som ett slags fladder. N\u00e4r jag bankade h\u00e5rt i v\u00e4ggen ett par g\u00e5nger h\u00f6rde jag lite r\u00f6relse ned\u00e5t d\u00e4r inne och sedan var det tyst. Jag sov i vanliga sovrummert i natt. &#8230;<\/p>\n","protected":false},"author":1,"featured_media":0,"comment_status":"open","ping_status":"open","sticky":false,"template":"","format":"standard","meta":{"jetpack_post_was_ever_published":false,"_jetpack_newsletter_access":"","_jetpack_dont_email_post_to_subs":false,"_jetpack_newsletter_tier_id":0,"footnotes":""},"categories":[63],"tags":[],"jetpack_sharing_enabled":true,"jetpack_featured_media_url":"","_links":{"self":[{"href":"https:\/\/www.montendre.se\/index.php?rest_route=\/wp\/v2\/posts\/4105"}],"collection":[{"href":"https:\/\/www.montendre.se\/index.php?rest_route=\/wp\/v2\/posts"}],"about":[{"href":"https:\/\/www.montendre.se\/index.php?rest_route=\/wp\/v2\/types\/post"}],"author":[{"embeddable":true,"href":"https:\/\/www.montendre.se\/index.php?rest_route=\/wp\/v2\/users\/1"}],"replies":[{"embeddable":true,"href":"https:\/\/www.montendre.se\/index.php?rest_route=%2Fwp%2Fv2%2Fcomments&post=4105"}],"version-history":[{"count":4,"href":"https:\/\/www.montendre.se\/index.php?rest_route=\/wp\/v2\/posts\/4105\/revisions"}],"predecessor-version":[{"id":4114,"href":"https:\/\/www.montendre.se\/index.php?rest_route=\/wp\/v2\/posts\/4105\/revisions\/4114"}],"wp:attachment":[{"href":"https:\/\/www.montendre.se\/index.php?rest_route=%2Fwp%2Fv2%2Fmedia&parent=4105"}],"wp:term":[{"taxonomy":"category","embeddable":true,"href":"https:\/\/www.montendre.se\/index.php?rest_route=%2Fwp%2Fv2%2Fcategories&post=4105"},{"taxonomy":"post_tag","embeddable":true,"href":"https:\/\/www.montendre.se\/index.php?rest_route=%2Fwp%2Fv2%2Ftags&post=4105"}],"curies":[{"name":"wp","href":"https:\/\/api.w.org\/{rel}","templated":true}]}}