{"id":4096,"date":"2020-01-07T19:32:28","date_gmt":"2020-01-07T18:32:28","guid":{"rendered":"https:\/\/www.montendre.se\/?p=4096"},"modified":"2020-01-08T09:50:53","modified_gmt":"2020-01-08T08:50:53","slug":"7-januari-2020","status":"publish","type":"post","link":"https:\/\/www.montendre.se\/?p=4096","title":{"rendered":"7 januari 2020"},"content":{"rendered":"<p>Sm\u00e5regnat hela dagen, 11 grader.<\/p>\n<p>Skjutsade L till flygplatsen p\u00e5 f\u00f6rmiddagen.<\/p>\n<p>N\u00e5tat en del av golvet i korridoren uppe.<\/p>\n<p>Provm\u00e5lat med ny f\u00e4rg p\u00e5 sockeln (mer gr\u00e5, mindre bl\u00e5) i korridoren uppe.<\/p>\n<p><a href=\"https:\/\/www.montendre.se\/wp-content\/uploads\/2020\/01\/IMG_8889.jpg\"><img loading=\"lazy\" decoding=\"async\" class=\"aligncenter size-medium wp-image-4099\" src=\"https:\/\/www.montendre.se\/wp-content\/uploads\/2020\/01\/IMG_8889-225x300.jpg\" alt=\"\" width=\"225\" height=\"300\" srcset=\"https:\/\/www.montendre.se\/wp-content\/uploads\/2020\/01\/IMG_8889-225x300.jpg 225w, https:\/\/www.montendre.se\/wp-content\/uploads\/2020\/01\/IMG_8889-768x1024.jpg 768w, https:\/\/www.montendre.se\/wp-content\/uploads\/2020\/01\/IMG_8889-700x933.jpg 700w, https:\/\/www.montendre.se\/wp-content\/uploads\/2020\/01\/IMG_8889.jpg 960w\" sizes=\"(max-width: 225px) 100vw, 225px\" \/><\/a>Den bl\u00e5gr\u00e5 nyansen i &#8221;mellanrummet&#8221;:<\/p>\n<p><a href=\"https:\/\/www.montendre.se\/wp-content\/uploads\/2020\/01\/IMG_8891.jpg\"><img loading=\"lazy\" decoding=\"async\" class=\"aligncenter size-medium wp-image-4103\" src=\"https:\/\/www.montendre.se\/wp-content\/uploads\/2020\/01\/IMG_8891-300x225.jpg\" alt=\"\" width=\"300\" height=\"225\" srcset=\"https:\/\/www.montendre.se\/wp-content\/uploads\/2020\/01\/IMG_8891-300x225.jpg 300w, https:\/\/www.montendre.se\/wp-content\/uploads\/2020\/01\/IMG_8891-768x576.jpg 768w, https:\/\/www.montendre.se\/wp-content\/uploads\/2020\/01\/IMG_8891-1024x768.jpg 1024w, https:\/\/www.montendre.se\/wp-content\/uploads\/2020\/01\/IMG_8891-268x200.jpg 268w, https:\/\/www.montendre.se\/wp-content\/uploads\/2020\/01\/IMG_8891-700x525.jpg 700w, https:\/\/www.montendre.se\/wp-content\/uploads\/2020\/01\/IMG_8891.jpg 1280w\" sizes=\"(max-width: 300px) 100vw, 300px\" \/><\/a>Pizza hemma.<\/p>\n<p>&nbsp;<\/p>\n","protected":false},"excerpt":{"rendered":"<p>Sm\u00e5regnat hela dagen, 11 grader. Skjutsade L till flygplatsen p\u00e5 f\u00f6rmiddagen. N\u00e5tat en del av golvet i korridoren uppe. Provm\u00e5lat med ny f\u00e4rg p\u00e5 sockeln (mer gr\u00e5, mindre bl\u00e5) i korridoren uppe. Den bl\u00e5gr\u00e5 nyansen i &#8221;mellanrummet&#8221;: Pizza hemma. &nbsp;<\/p>\n","protected":false},"author":1,"featured_media":0,"comment_status":"open","ping_status":"open","sticky":false,"template":"","format":"standard","meta":{"jetpack_post_was_ever_published":false,"_jetpack_newsletter_access":"","_jetpack_dont_email_post_to_subs":false,"_jetpack_newsletter_tier_id":0,"footnotes":""},"categories":[63],"tags":[],"jetpack_sharing_enabled":true,"jetpack_featured_media_url":"","_links":{"self":[{"href":"https:\/\/www.montendre.se\/index.php?rest_route=\/wp\/v2\/posts\/4096"}],"collection":[{"href":"https:\/\/www.montendre.se\/index.php?rest_route=\/wp\/v2\/posts"}],"about":[{"href":"https:\/\/www.montendre.se\/index.php?rest_route=\/wp\/v2\/types\/post"}],"author":[{"embeddable":true,"href":"https:\/\/www.montendre.se\/index.php?rest_route=\/wp\/v2\/users\/1"}],"replies":[{"embeddable":true,"href":"https:\/\/www.montendre.se\/index.php?rest_route=%2Fwp%2Fv2%2Fcomments&post=4096"}],"version-history":[{"count":6,"href":"https:\/\/www.montendre.se\/index.php?rest_route=\/wp\/v2\/posts\/4096\/revisions"}],"predecessor-version":[{"id":4104,"href":"https:\/\/www.montendre.se\/index.php?rest_route=\/wp\/v2\/posts\/4096\/revisions\/4104"}],"wp:attachment":[{"href":"https:\/\/www.montendre.se\/index.php?rest_route=%2Fwp%2Fv2%2Fmedia&parent=4096"}],"wp:term":[{"taxonomy":"category","embeddable":true,"href":"https:\/\/www.montendre.se\/index.php?rest_route=%2Fwp%2Fv2%2Fcategories&post=4096"},{"taxonomy":"post_tag","embeddable":true,"href":"https:\/\/www.montendre.se\/index.php?rest_route=%2Fwp%2Fv2%2Ftags&post=4096"}],"curies":[{"name":"wp","href":"https:\/\/api.w.org\/{rel}","templated":true}]}}