{"id":4070,"date":"2020-01-05T20:23:06","date_gmt":"2020-01-05T19:23:06","guid":{"rendered":"https:\/\/www.montendre.se\/?p=4070"},"modified":"2020-01-05T20:23:06","modified_gmt":"2020-01-05T19:23:06","slug":"5-januari-2020","status":"publish","type":"post","link":"https:\/\/www.montendre.se\/?p=4070","title":{"rendered":"5 januari 2020"},"content":{"rendered":"<p>Soligt hela dagen men kyligt, bara 9 grader.<\/p>\n<p>Gick f\u00f6rbi Quincaillerian vid lunch f\u00f6r att f\u00e5 en burk med kefir-bakterier, och lite instruktioner ocks\u00e5.<\/p>\n<p><a href=\"https:\/\/www.montendre.se\/wp-content\/uploads\/2020\/01\/IMG_8866.jpg\"><img loading=\"lazy\" decoding=\"async\" class=\"aligncenter size-medium wp-image-4072\" src=\"https:\/\/www.montendre.se\/wp-content\/uploads\/2020\/01\/IMG_8866-300x225.jpg\" alt=\"\" width=\"300\" height=\"225\" srcset=\"https:\/\/www.montendre.se\/wp-content\/uploads\/2020\/01\/IMG_8866-300x225.jpg 300w, https:\/\/www.montendre.se\/wp-content\/uploads\/2020\/01\/IMG_8866-768x576.jpg 768w, https:\/\/www.montendre.se\/wp-content\/uploads\/2020\/01\/IMG_8866-1024x768.jpg 1024w, https:\/\/www.montendre.se\/wp-content\/uploads\/2020\/01\/IMG_8866-268x200.jpg 268w, https:\/\/www.montendre.se\/wp-content\/uploads\/2020\/01\/IMG_8866-700x525.jpg 700w, https:\/\/www.montendre.se\/wp-content\/uploads\/2020\/01\/IMG_8866.jpg 1280w\" sizes=\"(max-width: 300px) 100vw, 300px\" \/><\/a><\/p>\n<p>Jag m\u00e5lade och &#8221;sikaflexade&#8221; mer p\u00e5 taklisterna.<\/p>\n<p>Efter lunch \u00e5kte vi p\u00e5 en liten utflykt till <a href=\"http:\/\/www.portvitrezay.com\/accueil-vitrezay\">P\u00f4le de Vitrezay<\/a>. Omr\u00e5de ute vid kusten med promenadstigar och mycket f\u00e5gelliv. S\u00e5g mest svanar men \u00e4ven en b\u00e4ver eller utter. Sv\u00e5rt att s\u00e4ga n\u00e4r den simmade runt i vattnet. Promenerade en dryg timme.<\/p>\n<p>Har varit mycket stormar och h\u00f6ga v\u00e5gor och det har gjort att det ligger sten och vass lite h\u00e4r och var vid kusten.<\/p>\n<p><a href=\"https:\/\/www.montendre.se\/wp-content\/uploads\/2020\/01\/IMG_8868.jpg\"><img loading=\"lazy\" decoding=\"async\" class=\"aligncenter size-medium wp-image-4074\" src=\"https:\/\/www.montendre.se\/wp-content\/uploads\/2020\/01\/IMG_8868-300x225.jpg\" alt=\"\" width=\"300\" height=\"225\" srcset=\"https:\/\/www.montendre.se\/wp-content\/uploads\/2020\/01\/IMG_8868-300x225.jpg 300w, https:\/\/www.montendre.se\/wp-content\/uploads\/2020\/01\/IMG_8868-768x576.jpg 768w, https:\/\/www.montendre.se\/wp-content\/uploads\/2020\/01\/IMG_8868-1024x768.jpg 1024w, https:\/\/www.montendre.se\/wp-content\/uploads\/2020\/01\/IMG_8868-268x200.jpg 268w, https:\/\/www.montendre.se\/wp-content\/uploads\/2020\/01\/IMG_8868-700x525.jpg 700w, https:\/\/www.montendre.se\/wp-content\/uploads\/2020\/01\/IMG_8868.jpg 1280w\" sizes=\"(max-width: 300px) 100vw, 300px\" \/><\/a><\/p>\n<p>Middag hemma, gr\u00e5sej och r\u00e4kor enligt t&amp;l&#8217;s recept.<\/p>\n","protected":false},"excerpt":{"rendered":"<p>Soligt hela dagen men kyligt, bara 9 grader. Gick f\u00f6rbi Quincaillerian vid lunch f\u00f6r att f\u00e5 en burk med kefir-bakterier, och lite instruktioner ocks\u00e5. Jag m\u00e5lade och &#8221;sikaflexade&#8221; mer p\u00e5 taklisterna. Efter lunch \u00e5kte vi p\u00e5 en liten utflykt till P\u00f4le de Vitrezay. Omr\u00e5de ute vid kusten med promenadstigar och &#8230;<\/p>\n","protected":false},"author":1,"featured_media":0,"comment_status":"open","ping_status":"open","sticky":false,"template":"","format":"standard","meta":{"jetpack_post_was_ever_published":false,"_jetpack_newsletter_access":"","_jetpack_dont_email_post_to_subs":false,"_jetpack_newsletter_tier_id":0,"footnotes":""},"categories":[63],"tags":[],"jetpack_sharing_enabled":true,"jetpack_featured_media_url":"","_links":{"self":[{"href":"https:\/\/www.montendre.se\/index.php?rest_route=\/wp\/v2\/posts\/4070"}],"collection":[{"href":"https:\/\/www.montendre.se\/index.php?rest_route=\/wp\/v2\/posts"}],"about":[{"href":"https:\/\/www.montendre.se\/index.php?rest_route=\/wp\/v2\/types\/post"}],"author":[{"embeddable":true,"href":"https:\/\/www.montendre.se\/index.php?rest_route=\/wp\/v2\/users\/1"}],"replies":[{"embeddable":true,"href":"https:\/\/www.montendre.se\/index.php?rest_route=%2Fwp%2Fv2%2Fcomments&post=4070"}],"version-history":[{"count":6,"href":"https:\/\/www.montendre.se\/index.php?rest_route=\/wp\/v2\/posts\/4070\/revisions"}],"predecessor-version":[{"id":4078,"href":"https:\/\/www.montendre.se\/index.php?rest_route=\/wp\/v2\/posts\/4070\/revisions\/4078"}],"wp:attachment":[{"href":"https:\/\/www.montendre.se\/index.php?rest_route=%2Fwp%2Fv2%2Fmedia&parent=4070"}],"wp:term":[{"taxonomy":"category","embeddable":true,"href":"https:\/\/www.montendre.se\/index.php?rest_route=%2Fwp%2Fv2%2Fcategories&post=4070"},{"taxonomy":"post_tag","embeddable":true,"href":"https:\/\/www.montendre.se\/index.php?rest_route=%2Fwp%2Fv2%2Ftags&post=4070"}],"curies":[{"name":"wp","href":"https:\/\/api.w.org\/{rel}","templated":true}]}}