{"id":4055,"date":"2020-01-03T23:36:32","date_gmt":"2020-01-03T22:36:32","guid":{"rendered":"https:\/\/www.montendre.se\/?p=4055"},"modified":"2020-01-04T09:36:55","modified_gmt":"2020-01-04T08:36:55","slug":"3-januari-2020","status":"publish","type":"post","link":"https:\/\/www.montendre.se\/?p=4055","title":{"rendered":"3 januari 2020"},"content":{"rendered":"<p>Lite regn p\u00e5 morgonen sedan stundtals sol men mest molnigt. 12 grader.<\/p>\n<p>Jag fortsatte med taket i badrummet nere. Satte upp alla reglar f\u00f6r gipsskivorna.<\/p>\n<p><a href=\"https:\/\/www.montendre.se\/wp-content\/uploads\/2020\/01\/IMG_8853.jpg\"><img loading=\"lazy\" decoding=\"async\" class=\"aligncenter size-medium wp-image-4057\" src=\"https:\/\/www.montendre.se\/wp-content\/uploads\/2020\/01\/IMG_8853-300x225.jpg\" alt=\"\" width=\"300\" height=\"225\" srcset=\"https:\/\/www.montendre.se\/wp-content\/uploads\/2020\/01\/IMG_8853-300x225.jpg 300w, https:\/\/www.montendre.se\/wp-content\/uploads\/2020\/01\/IMG_8853-768x576.jpg 768w, https:\/\/www.montendre.se\/wp-content\/uploads\/2020\/01\/IMG_8853-1024x768.jpg 1024w, https:\/\/www.montendre.se\/wp-content\/uploads\/2020\/01\/IMG_8853-268x200.jpg 268w, https:\/\/www.montendre.se\/wp-content\/uploads\/2020\/01\/IMG_8853-700x525.jpg 700w, https:\/\/www.montendre.se\/wp-content\/uploads\/2020\/01\/IMG_8853.jpg 1280w\" sizes=\"(max-width: 300px) 100vw, 300px\" \/><\/a><\/p>\n<p>L f\u00f6rberedde f\u00f6r m\u00e5lning av listerna i &#8221;mellanrummet&#8221;.<\/p>\n<p><a href=\"https:\/\/www.montendre.se\/wp-content\/uploads\/2020\/01\/IMG_8856.jpg\"><img loading=\"lazy\" decoding=\"async\" class=\"aligncenter size-medium wp-image-4058\" src=\"https:\/\/www.montendre.se\/wp-content\/uploads\/2020\/01\/IMG_8856-225x300.jpg\" alt=\"\" width=\"225\" height=\"300\" srcset=\"https:\/\/www.montendre.se\/wp-content\/uploads\/2020\/01\/IMG_8856-225x300.jpg 225w, https:\/\/www.montendre.se\/wp-content\/uploads\/2020\/01\/IMG_8856-768x1024.jpg 768w, https:\/\/www.montendre.se\/wp-content\/uploads\/2020\/01\/IMG_8856-700x933.jpg 700w, https:\/\/www.montendre.se\/wp-content\/uploads\/2020\/01\/IMG_8856.jpg 960w\" sizes=\"(max-width: 225px) 100vw, 225px\" \/><\/a><\/p>\n<p>Tog en liten promenad medan solen sken.<\/p>\n<p>Middag p\u00e5 Talmelier.<\/p>\n","protected":false},"excerpt":{"rendered":"<p>Lite regn p\u00e5 morgonen sedan stundtals sol men mest molnigt. 12 grader. Jag fortsatte med taket i badrummet nere. Satte upp alla reglar f\u00f6r gipsskivorna. L f\u00f6rberedde f\u00f6r m\u00e5lning av listerna i &#8221;mellanrummet&#8221;. Tog en liten promenad medan solen sken. Middag p\u00e5 Talmelier.<\/p>\n","protected":false},"author":1,"featured_media":0,"comment_status":"open","ping_status":"open","sticky":false,"template":"","format":"standard","meta":{"jetpack_post_was_ever_published":false,"_jetpack_newsletter_access":"","_jetpack_dont_email_post_to_subs":false,"_jetpack_newsletter_tier_id":0,"footnotes":""},"categories":[63],"tags":[],"jetpack_sharing_enabled":true,"jetpack_featured_media_url":"","_links":{"self":[{"href":"https:\/\/www.montendre.se\/index.php?rest_route=\/wp\/v2\/posts\/4055"}],"collection":[{"href":"https:\/\/www.montendre.se\/index.php?rest_route=\/wp\/v2\/posts"}],"about":[{"href":"https:\/\/www.montendre.se\/index.php?rest_route=\/wp\/v2\/types\/post"}],"author":[{"embeddable":true,"href":"https:\/\/www.montendre.se\/index.php?rest_route=\/wp\/v2\/users\/1"}],"replies":[{"embeddable":true,"href":"https:\/\/www.montendre.se\/index.php?rest_route=%2Fwp%2Fv2%2Fcomments&post=4055"}],"version-history":[{"count":2,"href":"https:\/\/www.montendre.se\/index.php?rest_route=\/wp\/v2\/posts\/4055\/revisions"}],"predecessor-version":[{"id":4059,"href":"https:\/\/www.montendre.se\/index.php?rest_route=\/wp\/v2\/posts\/4055\/revisions\/4059"}],"wp:attachment":[{"href":"https:\/\/www.montendre.se\/index.php?rest_route=%2Fwp%2Fv2%2Fmedia&parent=4055"}],"wp:term":[{"taxonomy":"category","embeddable":true,"href":"https:\/\/www.montendre.se\/index.php?rest_route=%2Fwp%2Fv2%2Fcategories&post=4055"},{"taxonomy":"post_tag","embeddable":true,"href":"https:\/\/www.montendre.se\/index.php?rest_route=%2Fwp%2Fv2%2Ftags&post=4055"}],"curies":[{"name":"wp","href":"https:\/\/api.w.org\/{rel}","templated":true}]}}