{"id":4029,"date":"2019-11-03T19:58:13","date_gmt":"2019-11-03T18:58:13","guid":{"rendered":"https:\/\/www.montendre.se\/?p=4029"},"modified":"2019-12-22T19:55:27","modified_gmt":"2019-12-22T18:55:27","slug":"3-november-2019","status":"publish","type":"post","link":"https:\/\/www.montendre.se\/?p=4029","title":{"rendered":"3 november 2019"},"content":{"rendered":"<p>Stormigt v\u00e4rre i natt. Bl\u00e5st, regn och \u00e5ska. Regn men \u00e4ven n\u00e5gra solglimtar p\u00e5 dagen. De tre senaste dagarna har det regnat mer \u00e4n hela oktober.<\/p>\n<p>Soptunnor har bl\u00e5st omkring och v\u00e4lt. V\u00e5rt tak utanf\u00f6r huset har bl\u00e5st s\u00f6nder lite grand.<\/p>\n<p><a href=\"https:\/\/www.montendre.se\/wp-content\/uploads\/2019\/11\/IMG_8782.jpg\"><img loading=\"lazy\" decoding=\"async\" class=\"aligncenter size-medium wp-image-4030\" src=\"https:\/\/www.montendre.se\/wp-content\/uploads\/2019\/11\/IMG_8782-225x300.jpg\" alt=\"\" width=\"225\" height=\"300\" srcset=\"https:\/\/www.montendre.se\/wp-content\/uploads\/2019\/11\/IMG_8782-225x300.jpg 225w, https:\/\/www.montendre.se\/wp-content\/uploads\/2019\/11\/IMG_8782-768x1024.jpg 768w, https:\/\/www.montendre.se\/wp-content\/uploads\/2019\/11\/IMG_8782-700x933.jpg 700w, https:\/\/www.montendre.se\/wp-content\/uploads\/2019\/11\/IMG_8782.jpg 960w\" sizes=\"(max-width: 225px) 100vw, 225px\" \/><\/a><a href=\"https:\/\/www.montendre.se\/wp-content\/uploads\/2019\/11\/IMG_8783.jpg\"><img loading=\"lazy\" decoding=\"async\" class=\"aligncenter size-medium wp-image-4031\" src=\"https:\/\/www.montendre.se\/wp-content\/uploads\/2019\/11\/IMG_8783-300x225.jpg\" alt=\"\" width=\"300\" height=\"225\" srcset=\"https:\/\/www.montendre.se\/wp-content\/uploads\/2019\/11\/IMG_8783-300x225.jpg 300w, https:\/\/www.montendre.se\/wp-content\/uploads\/2019\/11\/IMG_8783-768x576.jpg 768w, https:\/\/www.montendre.se\/wp-content\/uploads\/2019\/11\/IMG_8783-1024x768.jpg 1024w, https:\/\/www.montendre.se\/wp-content\/uploads\/2019\/11\/IMG_8783-268x200.jpg 268w, https:\/\/www.montendre.se\/wp-content\/uploads\/2019\/11\/IMG_8783-700x525.jpg 700w, https:\/\/www.montendre.se\/wp-content\/uploads\/2019\/11\/IMG_8783.jpg 1280w\" sizes=\"(max-width: 300px) 100vw, 300px\" \/><\/a><\/p>\n<p>Fortsatt med badrummet nere. Satt upp regel i mitten av taket.<\/p>\n<p><a href=\"https:\/\/www.montendre.se\/wp-content\/uploads\/2019\/11\/IMG_8792.jpg\"><img loading=\"lazy\" decoding=\"async\" class=\"aligncenter size-medium wp-image-4032\" src=\"https:\/\/www.montendre.se\/wp-content\/uploads\/2019\/11\/IMG_8792-225x300.jpg\" alt=\"\" width=\"225\" height=\"300\" srcset=\"https:\/\/www.montendre.se\/wp-content\/uploads\/2019\/11\/IMG_8792-225x300.jpg 225w, https:\/\/www.montendre.se\/wp-content\/uploads\/2019\/11\/IMG_8792-768x1024.jpg 768w, https:\/\/www.montendre.se\/wp-content\/uploads\/2019\/11\/IMG_8792-700x933.jpg 700w, https:\/\/www.montendre.se\/wp-content\/uploads\/2019\/11\/IMG_8792.jpg 960w\" sizes=\"(max-width: 225px) 100vw, 225px\" \/><\/a><\/p>\n<p>Gamla taket lutade f\u00f6rmodligen f\u00f6r att balkongen\/terrassen lutar. Nu blir det rakt tak men i och med det lite l\u00e4gre i de inre delarna av badrummet. Krysslasern visar lutningen.<\/p>\n<p><a href=\"https:\/\/www.montendre.se\/wp-content\/uploads\/2019\/11\/IMG_8794.jpg\"><img loading=\"lazy\" decoding=\"async\" class=\"aligncenter size-medium wp-image-4033\" src=\"https:\/\/www.montendre.se\/wp-content\/uploads\/2019\/11\/IMG_8794-300x225.jpg\" alt=\"\" width=\"300\" height=\"225\" srcset=\"https:\/\/www.montendre.se\/wp-content\/uploads\/2019\/11\/IMG_8794-300x225.jpg 300w, https:\/\/www.montendre.se\/wp-content\/uploads\/2019\/11\/IMG_8794-768x576.jpg 768w, https:\/\/www.montendre.se\/wp-content\/uploads\/2019\/11\/IMG_8794-1024x768.jpg 1024w, https:\/\/www.montendre.se\/wp-content\/uploads\/2019\/11\/IMG_8794-268x200.jpg 268w, https:\/\/www.montendre.se\/wp-content\/uploads\/2019\/11\/IMG_8794-700x525.jpg 700w, https:\/\/www.montendre.se\/wp-content\/uploads\/2019\/11\/IMG_8794.jpg 1280w\" sizes=\"(max-width: 300px) 100vw, 300px\" \/><\/a>Satt dit en f\u00f6rsta regel p\u00e5 v\u00e4ggen.<\/p>\n<p><a href=\"https:\/\/www.montendre.se\/wp-content\/uploads\/2019\/11\/IMG_8796.jpg\"><img loading=\"lazy\" decoding=\"async\" class=\"aligncenter size-medium wp-image-4035\" src=\"https:\/\/www.montendre.se\/wp-content\/uploads\/2019\/11\/IMG_8796-300x225.jpg\" alt=\"\" width=\"300\" height=\"225\" srcset=\"https:\/\/www.montendre.se\/wp-content\/uploads\/2019\/11\/IMG_8796-300x225.jpg 300w, https:\/\/www.montendre.se\/wp-content\/uploads\/2019\/11\/IMG_8796-768x576.jpg 768w, https:\/\/www.montendre.se\/wp-content\/uploads\/2019\/11\/IMG_8796-1024x768.jpg 1024w, https:\/\/www.montendre.se\/wp-content\/uploads\/2019\/11\/IMG_8796-268x200.jpg 268w, https:\/\/www.montendre.se\/wp-content\/uploads\/2019\/11\/IMG_8796-700x525.jpg 700w, https:\/\/www.montendre.se\/wp-content\/uploads\/2019\/11\/IMG_8796.jpg 1280w\" sizes=\"(max-width: 300px) 100vw, 300px\" \/><\/a><\/p>\n<p>St\u00e4dat en del inf\u00f6r hemresan.<\/p>\n<p>Middag hemma, ostron och torsk.<\/p>\n","protected":false},"excerpt":{"rendered":"<p>Stormigt v\u00e4rre i natt. Bl\u00e5st, regn och \u00e5ska. Regn men \u00e4ven n\u00e5gra solglimtar p\u00e5 dagen. De tre senaste dagarna har det regnat mer \u00e4n hela oktober. Soptunnor har bl\u00e5st omkring och v\u00e4lt. V\u00e5rt tak utanf\u00f6r huset har bl\u00e5st s\u00f6nder lite grand. Fortsatt med badrummet nere. Satt upp regel i mitten &#8230;<\/p>\n","protected":false},"author":1,"featured_media":0,"comment_status":"open","ping_status":"open","sticky":false,"template":"","format":"standard","meta":{"jetpack_post_was_ever_published":false,"_jetpack_newsletter_access":"","_jetpack_dont_email_post_to_subs":false,"_jetpack_newsletter_tier_id":0,"footnotes":""},"categories":[62],"tags":[],"jetpack_sharing_enabled":true,"jetpack_featured_media_url":"","_links":{"self":[{"href":"https:\/\/www.montendre.se\/index.php?rest_route=\/wp\/v2\/posts\/4029"}],"collection":[{"href":"https:\/\/www.montendre.se\/index.php?rest_route=\/wp\/v2\/posts"}],"about":[{"href":"https:\/\/www.montendre.se\/index.php?rest_route=\/wp\/v2\/types\/post"}],"author":[{"embeddable":true,"href":"https:\/\/www.montendre.se\/index.php?rest_route=\/wp\/v2\/users\/1"}],"replies":[{"embeddable":true,"href":"https:\/\/www.montendre.se\/index.php?rest_route=%2Fwp%2Fv2%2Fcomments&post=4029"}],"version-history":[{"count":5,"href":"https:\/\/www.montendre.se\/index.php?rest_route=\/wp\/v2\/posts\/4029\/revisions"}],"predecessor-version":[{"id":4044,"href":"https:\/\/www.montendre.se\/index.php?rest_route=\/wp\/v2\/posts\/4029\/revisions\/4044"}],"wp:attachment":[{"href":"https:\/\/www.montendre.se\/index.php?rest_route=%2Fwp%2Fv2%2Fmedia&parent=4029"}],"wp:term":[{"taxonomy":"category","embeddable":true,"href":"https:\/\/www.montendre.se\/index.php?rest_route=%2Fwp%2Fv2%2Fcategories&post=4029"},{"taxonomy":"post_tag","embeddable":true,"href":"https:\/\/www.montendre.se\/index.php?rest_route=%2Fwp%2Fv2%2Ftags&post=4029"}],"curies":[{"name":"wp","href":"https:\/\/api.w.org\/{rel}","templated":true}]}}