{"id":4020,"date":"2019-11-02T20:13:43","date_gmt":"2019-11-02T19:13:43","guid":{"rendered":"https:\/\/www.montendre.se\/?p=4020"},"modified":"2019-11-02T20:13:43","modified_gmt":"2019-11-02T19:13:43","slug":"2-november-2019","status":"publish","type":"post","link":"https:\/\/www.montendre.se\/?p=4020","title":{"rendered":"2 november 2019"},"content":{"rendered":"<p>Uppeh\u00e5ll p\u00e5 f\u00f6rmiddagen sedan regn. Inte en solglimt ens. 16 grader.<\/p>\n<p>Tapetserat klart uppe i korridoren. Taklister kvar att s\u00e4tta upp i sektionen n\u00e4rmast badrummet.<\/p>\n<p><a href=\"https:\/\/www.montendre.se\/wp-content\/uploads\/2019\/11\/IMG_8777.jpg\"><img loading=\"lazy\" decoding=\"async\" class=\"aligncenter size-medium wp-image-4023\" src=\"https:\/\/www.montendre.se\/wp-content\/uploads\/2019\/11\/IMG_8777-225x300.jpg\" alt=\"\" width=\"225\" height=\"300\" srcset=\"https:\/\/www.montendre.se\/wp-content\/uploads\/2019\/11\/IMG_8777-225x300.jpg 225w, https:\/\/www.montendre.se\/wp-content\/uploads\/2019\/11\/IMG_8777-768x1024.jpg 768w, https:\/\/www.montendre.se\/wp-content\/uploads\/2019\/11\/IMG_8777-700x933.jpg 700w, https:\/\/www.montendre.se\/wp-content\/uploads\/2019\/11\/IMG_8777.jpg 960w\" sizes=\"(max-width: 225px) 100vw, 225px\" \/><\/a><\/p>\n<p>Handlat reglar till taket i badrummet nere.\u00a0Tagit in Klippo f\u00f6r vintervila. I \u00e5r f\u00e5r han vara nere i k\u00e4llaren alldeles &#8221;naken&#8221; (utan plasts\u00e4ck).<\/p>\n<p>L har mest st\u00e4dat i k\u00f6ket.<\/p>\n<p>Hoppade \u00f6ver middag med Noel&amp;Co p\u00e5 La Diligence. Busv\u00e4der (stormen Amelie) och s\u00e5 k\u00e4nde vi att vi kanske inte orkade med en kv\u00e4ll till med 100% franska. S\u00e5 det blev middag hemma, ostron och pasta med palourder.<\/p>\n","protected":false},"excerpt":{"rendered":"<p>Uppeh\u00e5ll p\u00e5 f\u00f6rmiddagen sedan regn. Inte en solglimt ens. 16 grader. Tapetserat klart uppe i korridoren. Taklister kvar att s\u00e4tta upp i sektionen n\u00e4rmast badrummet. Handlat reglar till taket i badrummet nere.\u00a0Tagit in Klippo f\u00f6r vintervila. I \u00e5r f\u00e5r han vara nere i k\u00e4llaren alldeles &#8221;naken&#8221; (utan plasts\u00e4ck). L har &#8230;<\/p>\n","protected":false},"author":1,"featured_media":0,"comment_status":"open","ping_status":"open","sticky":false,"template":"","format":"standard","meta":{"jetpack_post_was_ever_published":false,"_jetpack_newsletter_access":"","_jetpack_dont_email_post_to_subs":false,"_jetpack_newsletter_tier_id":0,"footnotes":""},"categories":[62],"tags":[],"jetpack_sharing_enabled":true,"jetpack_featured_media_url":"","_links":{"self":[{"href":"https:\/\/www.montendre.se\/index.php?rest_route=\/wp\/v2\/posts\/4020"}],"collection":[{"href":"https:\/\/www.montendre.se\/index.php?rest_route=\/wp\/v2\/posts"}],"about":[{"href":"https:\/\/www.montendre.se\/index.php?rest_route=\/wp\/v2\/types\/post"}],"author":[{"embeddable":true,"href":"https:\/\/www.montendre.se\/index.php?rest_route=\/wp\/v2\/users\/1"}],"replies":[{"embeddable":true,"href":"https:\/\/www.montendre.se\/index.php?rest_route=%2Fwp%2Fv2%2Fcomments&post=4020"}],"version-history":[{"count":7,"href":"https:\/\/www.montendre.se\/index.php?rest_route=\/wp\/v2\/posts\/4020\/revisions"}],"predecessor-version":[{"id":4028,"href":"https:\/\/www.montendre.se\/index.php?rest_route=\/wp\/v2\/posts\/4020\/revisions\/4028"}],"wp:attachment":[{"href":"https:\/\/www.montendre.se\/index.php?rest_route=%2Fwp%2Fv2%2Fmedia&parent=4020"}],"wp:term":[{"taxonomy":"category","embeddable":true,"href":"https:\/\/www.montendre.se\/index.php?rest_route=%2Fwp%2Fv2%2Fcategories&post=4020"},{"taxonomy":"post_tag","embeddable":true,"href":"https:\/\/www.montendre.se\/index.php?rest_route=%2Fwp%2Fv2%2Ftags&post=4020"}],"curies":[{"name":"wp","href":"https:\/\/api.w.org\/{rel}","templated":true}]}}