{"id":3995,"date":"2019-10-31T23:50:53","date_gmt":"2019-10-31T22:50:53","guid":{"rendered":"https:\/\/www.montendre.se\/?p=3995"},"modified":"2019-10-31T23:50:53","modified_gmt":"2019-10-31T22:50:53","slug":"31-oktober-2019","status":"publish","type":"post","link":"https:\/\/www.montendre.se\/?p=3995","title":{"rendered":"31 oktober 2019"},"content":{"rendered":"<p>V\u00e4xlande v\u00e4der idag. Sol och regnskurar om vartannat. 18 grader som mest.<\/p>\n<p>Gick och handlade mat p\u00e5 marknaden.<\/p>\n<p>St\u00f6tte p\u00e5 poolgrannen Mr No\u00ebl n\u00e4r vi tog en tr\u00e4dg\u00e5rdsrunda. Han bj\u00f6d in oss p\u00e5 en liten lunchst\u00e4nkare. Och s\u00e5 blev vi inbjudna till middag p\u00e5 kv\u00e4llen. Hans bror och son och sv\u00e4rson skulle komma ocks\u00e5. Dessutom fr\u00e5gade han om vi vill f\u00f6lja med ut p\u00e5 l\u00f6rdag kv\u00e4ll. De ska g\u00e5 till restaurangen i Chepniers som vi har bes\u00f6kt ett par g\u00e5nger sista \u00e5ret. Det \u00e4r Mr No\u00ebls kusin som driver den.<\/p>\n<p>Rabatten som jag rensade ren i augusti har v\u00e4xt igen r\u00e4tt rej\u00e4lt p\u00e5 2,5 m\u00e5nader.<a href=\"https:\/\/www.montendre.se\/wp-content\/uploads\/2019\/10\/IMG_8755.jpg\"><br \/>\n<\/a><a href=\"https:\/\/www.montendre.se\/wp-content\/uploads\/2019\/10\/IMG_8637.jpg\"><img loading=\"lazy\" decoding=\"async\" class=\"size-medium wp-image-3997 alignleft\" src=\"https:\/\/www.montendre.se\/wp-content\/uploads\/2019\/10\/IMG_8637-300x225.jpg\" alt=\"\" width=\"300\" height=\"225\" srcset=\"https:\/\/www.montendre.se\/wp-content\/uploads\/2019\/10\/IMG_8637-300x225.jpg 300w, https:\/\/www.montendre.se\/wp-content\/uploads\/2019\/10\/IMG_8637-768x576.jpg 768w, https:\/\/www.montendre.se\/wp-content\/uploads\/2019\/10\/IMG_8637-1024x768.jpg 1024w, https:\/\/www.montendre.se\/wp-content\/uploads\/2019\/10\/IMG_8637-268x200.jpg 268w, https:\/\/www.montendre.se\/wp-content\/uploads\/2019\/10\/IMG_8637-700x525.jpg 700w, https:\/\/www.montendre.se\/wp-content\/uploads\/2019\/10\/IMG_8637.jpg 1280w\" sizes=\"(max-width: 300px) 100vw, 300px\" \/><\/a> <a href=\"https:\/\/www.montendre.se\/wp-content\/uploads\/2019\/10\/IMG_8755.jpg\"><img loading=\"lazy\" decoding=\"async\" class=\"size-medium wp-image-3996 alignleft\" src=\"https:\/\/www.montendre.se\/wp-content\/uploads\/2019\/10\/IMG_8755-300x225.jpg\" alt=\"\" width=\"300\" height=\"225\" srcset=\"https:\/\/www.montendre.se\/wp-content\/uploads\/2019\/10\/IMG_8755-300x225.jpg 300w, https:\/\/www.montendre.se\/wp-content\/uploads\/2019\/10\/IMG_8755-768x576.jpg 768w, https:\/\/www.montendre.se\/wp-content\/uploads\/2019\/10\/IMG_8755-1024x768.jpg 1024w, https:\/\/www.montendre.se\/wp-content\/uploads\/2019\/10\/IMG_8755-268x200.jpg 268w, https:\/\/www.montendre.se\/wp-content\/uploads\/2019\/10\/IMG_8755-700x525.jpg 700w, https:\/\/www.montendre.se\/wp-content\/uploads\/2019\/10\/IMG_8755.jpg 1280w\" sizes=\"(max-width: 300px) 100vw, 300px\" \/><\/a><\/p>\n<p>&nbsp;<\/p>\n<p>&nbsp;<\/p>\n<p>&nbsp;<\/p>\n<p>&nbsp;<\/p>\n<p>&nbsp;<\/p>\n<p>Kan ju k\u00e4nnas l\u00f6nl\u00f6st att rensa ogr\u00e4s men vad ska man g\u00f6ra?<\/p>\n<p>Jag har rensat rabatten p\u00e5 framsidan och limmat taklister i korridoren uppe. L har st\u00e4dat och plockat.<\/p>\n<p>Det tv\u00e5 valn\u00f6tterna hade ramlat av tr\u00e4det men verkar okey \u00e4nd\u00e5.<a href=\"https:\/\/www.montendre.se\/wp-content\/uploads\/2019\/10\/IMG_8760.jpg\"><br \/>\n<\/a> <a href=\"https:\/\/www.montendre.se\/wp-content\/uploads\/2019\/10\/IMG_8757.jpg\"><img loading=\"lazy\" decoding=\"async\" class=\"aligncenter size-medium wp-image-4002\" src=\"https:\/\/www.montendre.se\/wp-content\/uploads\/2019\/10\/IMG_8757-300x225.jpg\" alt=\"\" width=\"300\" height=\"225\" srcset=\"https:\/\/www.montendre.se\/wp-content\/uploads\/2019\/10\/IMG_8757-300x225.jpg 300w, https:\/\/www.montendre.se\/wp-content\/uploads\/2019\/10\/IMG_8757-768x576.jpg 768w, https:\/\/www.montendre.se\/wp-content\/uploads\/2019\/10\/IMG_8757-1024x768.jpg 1024w, https:\/\/www.montendre.se\/wp-content\/uploads\/2019\/10\/IMG_8757-268x200.jpg 268w, https:\/\/www.montendre.se\/wp-content\/uploads\/2019\/10\/IMG_8757-700x525.jpg 700w, https:\/\/www.montendre.se\/wp-content\/uploads\/2019\/10\/IMG_8757.jpg 1280w\" sizes=\"(max-width: 300px) 100vw, 300px\" \/><\/a>Hittade en getingbo p\u00e5 vinden. Verkade tomt och under det var en r\u00e4tt stor fl\u00e4ck. F\u00f6rmodligen har de d\u00f6tt av n\u00e5got konstigt. L\u00e5g d\u00f6da larver och getingar ocks\u00e5. Tog sedan bort resterna av boet.<\/p>\n<p><a href=\"https:\/\/www.montendre.se\/wp-content\/uploads\/2019\/10\/IMG_8760.jpg\"><img loading=\"lazy\" decoding=\"async\" class=\"aligncenter size-medium wp-image-4001\" src=\"https:\/\/www.montendre.se\/wp-content\/uploads\/2019\/10\/IMG_8760-300x225.jpg\" alt=\"\" width=\"300\" height=\"225\" srcset=\"https:\/\/www.montendre.se\/wp-content\/uploads\/2019\/10\/IMG_8760-300x225.jpg 300w, https:\/\/www.montendre.se\/wp-content\/uploads\/2019\/10\/IMG_8760-768x576.jpg 768w, https:\/\/www.montendre.se\/wp-content\/uploads\/2019\/10\/IMG_8760-1024x768.jpg 1024w, https:\/\/www.montendre.se\/wp-content\/uploads\/2019\/10\/IMG_8760-268x200.jpg 268w, https:\/\/www.montendre.se\/wp-content\/uploads\/2019\/10\/IMG_8760-700x525.jpg 700w, https:\/\/www.montendre.se\/wp-content\/uploads\/2019\/10\/IMG_8760.jpg 1280w\" sizes=\"(max-width: 300px) 100vw, 300px\" \/><\/a><\/p>\n<p><a href=\"https:\/\/www.montendre.se\/wp-content\/uploads\/2019\/10\/IMG_8759.jpg\"><img loading=\"lazy\" decoding=\"async\" class=\"aligncenter size-medium wp-image-4000\" src=\"https:\/\/www.montendre.se\/wp-content\/uploads\/2019\/10\/IMG_8759-300x225.jpg\" alt=\"\" width=\"300\" height=\"225\" srcset=\"https:\/\/www.montendre.se\/wp-content\/uploads\/2019\/10\/IMG_8759-300x225.jpg 300w, https:\/\/www.montendre.se\/wp-content\/uploads\/2019\/10\/IMG_8759-768x576.jpg 768w, https:\/\/www.montendre.se\/wp-content\/uploads\/2019\/10\/IMG_8759-1024x768.jpg 1024w, https:\/\/www.montendre.se\/wp-content\/uploads\/2019\/10\/IMG_8759-268x200.jpg 268w, https:\/\/www.montendre.se\/wp-content\/uploads\/2019\/10\/IMG_8759-700x525.jpg 700w, https:\/\/www.montendre.se\/wp-content\/uploads\/2019\/10\/IMG_8759.jpg 1280w\" sizes=\"(max-width: 300px) 100vw, 300px\" \/><\/a>Middag hos No\u00ebl. Fick smaka en hel del gamla viner, ett blaye vin fr\u00e5n 1985 och en St Emilion fr\u00e5n 1982.<\/p>\n<p><a href=\"https:\/\/www.montendre.se\/wp-content\/uploads\/2019\/10\/IMG_8764.jpg\"><img loading=\"lazy\" decoding=\"async\" class=\"aligncenter size-medium wp-image-4004\" src=\"https:\/\/www.montendre.se\/wp-content\/uploads\/2019\/10\/IMG_8764-225x300.jpg\" alt=\"\" width=\"225\" height=\"300\" srcset=\"https:\/\/www.montendre.se\/wp-content\/uploads\/2019\/10\/IMG_8764-225x300.jpg 225w, https:\/\/www.montendre.se\/wp-content\/uploads\/2019\/10\/IMG_8764-768x1024.jpg 768w, https:\/\/www.montendre.se\/wp-content\/uploads\/2019\/10\/IMG_8764-700x933.jpg 700w, https:\/\/www.montendre.se\/wp-content\/uploads\/2019\/10\/IMG_8764.jpg 960w\" sizes=\"(max-width: 225px) 100vw, 225px\" \/><\/a><\/p>\n<p>Och tv\u00e5 olika cognac fr\u00e5n Montendre.<\/p>\n<p>Lite jobbigt med all franska men nyttigt ocks\u00e5.<\/p>\n","protected":false},"excerpt":{"rendered":"<p>V\u00e4xlande v\u00e4der idag. Sol och regnskurar om vartannat. 18 grader som mest. Gick och handlade mat p\u00e5 marknaden. St\u00f6tte p\u00e5 poolgrannen Mr No\u00ebl n\u00e4r vi tog en tr\u00e4dg\u00e5rdsrunda. Han bj\u00f6d in oss p\u00e5 en liten lunchst\u00e4nkare. Och s\u00e5 blev vi inbjudna till middag p\u00e5 kv\u00e4llen. Hans bror och son och &#8230;<\/p>\n","protected":false},"author":1,"featured_media":0,"comment_status":"open","ping_status":"open","sticky":false,"template":"","format":"standard","meta":{"jetpack_post_was_ever_published":false,"_jetpack_newsletter_access":"","_jetpack_dont_email_post_to_subs":false,"_jetpack_newsletter_tier_id":0,"footnotes":""},"categories":[62],"tags":[],"jetpack_sharing_enabled":true,"jetpack_featured_media_url":"","_links":{"self":[{"href":"https:\/\/www.montendre.se\/index.php?rest_route=\/wp\/v2\/posts\/3995"}],"collection":[{"href":"https:\/\/www.montendre.se\/index.php?rest_route=\/wp\/v2\/posts"}],"about":[{"href":"https:\/\/www.montendre.se\/index.php?rest_route=\/wp\/v2\/types\/post"}],"author":[{"embeddable":true,"href":"https:\/\/www.montendre.se\/index.php?rest_route=\/wp\/v2\/users\/1"}],"replies":[{"embeddable":true,"href":"https:\/\/www.montendre.se\/index.php?rest_route=%2Fwp%2Fv2%2Fcomments&post=3995"}],"version-history":[{"count":4,"href":"https:\/\/www.montendre.se\/index.php?rest_route=\/wp\/v2\/posts\/3995\/revisions"}],"predecessor-version":[{"id":4005,"href":"https:\/\/www.montendre.se\/index.php?rest_route=\/wp\/v2\/posts\/3995\/revisions\/4005"}],"wp:attachment":[{"href":"https:\/\/www.montendre.se\/index.php?rest_route=%2Fwp%2Fv2%2Fmedia&parent=3995"}],"wp:term":[{"taxonomy":"category","embeddable":true,"href":"https:\/\/www.montendre.se\/index.php?rest_route=%2Fwp%2Fv2%2Fcategories&post=3995"},{"taxonomy":"post_tag","embeddable":true,"href":"https:\/\/www.montendre.se\/index.php?rest_route=%2Fwp%2Fv2%2Ftags&post=3995"}],"curies":[{"name":"wp","href":"https:\/\/api.w.org\/{rel}","templated":true}]}}