{"id":3984,"date":"2019-08-06T21:19:35","date_gmt":"2019-08-06T19:19:35","guid":{"rendered":"https:\/\/www.montendre.se\/?p=3984"},"modified":"2019-08-06T21:19:35","modified_gmt":"2019-08-06T19:19:35","slug":"6-augusti-2019","status":"publish","type":"post","link":"https:\/\/www.montendre.se\/?p=3984","title":{"rendered":"6 augusti 2019"},"content":{"rendered":"<p>Molnigt fram till eftermiddagen sedan sol, 28 grader.<\/p>\n<p>Mest en massa st\u00e4dande: st\u00e4dat bort allt byggdamm, verktyg mm, st\u00e4dat lite i tr\u00e4dg\u00e5rden ocks\u00e5. Rengjort diskmaskin, bytt knivar p\u00e5 klippo.<\/p>\n<p>Grannarna var ig\u00e5ng lite ig\u00e5r kv\u00e4ll\/natt. Marockanskan beklagade sig (med r\u00e4tta) \u00f6ver att hon inte kunde sova och att de h\u00f6ll p\u00e5 att dammsuga runt midnatt. Med \u00f6ppna f\u00f6nster och d\u00f6rrar f\u00f6rst\u00e5s.<\/p>\n<p>Katten blir mer och mer efterh\u00e4ngsen. Lite skr\u00e4ckfilmsk\u00e4nsla n\u00e4r man ser honom titta in.<\/p>\n<p><a href=\"https:\/\/www.montendre.se\/wp-content\/uploads\/2019\/08\/IMG_8675.jpg\"><img loading=\"lazy\" decoding=\"async\" class=\"aligncenter size-medium wp-image-3988\" src=\"https:\/\/www.montendre.se\/wp-content\/uploads\/2019\/08\/IMG_8675-225x300.jpg\" alt=\"\" width=\"225\" height=\"300\" srcset=\"https:\/\/www.montendre.se\/wp-content\/uploads\/2019\/08\/IMG_8675-225x300.jpg 225w, https:\/\/www.montendre.se\/wp-content\/uploads\/2019\/08\/IMG_8675-768x1024.jpg 768w, https:\/\/www.montendre.se\/wp-content\/uploads\/2019\/08\/IMG_8675-700x933.jpg 700w, https:\/\/www.montendre.se\/wp-content\/uploads\/2019\/08\/IMG_8675.jpg 960w\" sizes=\"(max-width: 225px) 100vw, 225px\" \/><\/a><\/p>\n<p>Middag p\u00e5 nattmarknaden.<\/p>\n","protected":false},"excerpt":{"rendered":"<p>Molnigt fram till eftermiddagen sedan sol, 28 grader. Mest en massa st\u00e4dande: st\u00e4dat bort allt byggdamm, verktyg mm, st\u00e4dat lite i tr\u00e4dg\u00e5rden ocks\u00e5. Rengjort diskmaskin, bytt knivar p\u00e5 klippo. Grannarna var ig\u00e5ng lite ig\u00e5r kv\u00e4ll\/natt. Marockanskan beklagade sig (med r\u00e4tta) \u00f6ver att hon inte kunde sova och att de h\u00f6ll &#8230;<\/p>\n","protected":false},"author":1,"featured_media":0,"comment_status":"open","ping_status":"open","sticky":false,"template":"","format":"standard","meta":{"jetpack_post_was_ever_published":false,"_jetpack_newsletter_access":"","_jetpack_dont_email_post_to_subs":false,"_jetpack_newsletter_tier_id":0,"footnotes":""},"categories":[61],"tags":[],"jetpack_sharing_enabled":true,"jetpack_featured_media_url":"","_links":{"self":[{"href":"https:\/\/www.montendre.se\/index.php?rest_route=\/wp\/v2\/posts\/3984"}],"collection":[{"href":"https:\/\/www.montendre.se\/index.php?rest_route=\/wp\/v2\/posts"}],"about":[{"href":"https:\/\/www.montendre.se\/index.php?rest_route=\/wp\/v2\/types\/post"}],"author":[{"embeddable":true,"href":"https:\/\/www.montendre.se\/index.php?rest_route=\/wp\/v2\/users\/1"}],"replies":[{"embeddable":true,"href":"https:\/\/www.montendre.se\/index.php?rest_route=%2Fwp%2Fv2%2Fcomments&post=3984"}],"version-history":[{"count":4,"href":"https:\/\/www.montendre.se\/index.php?rest_route=\/wp\/v2\/posts\/3984\/revisions"}],"predecessor-version":[{"id":3989,"href":"https:\/\/www.montendre.se\/index.php?rest_route=\/wp\/v2\/posts\/3984\/revisions\/3989"}],"wp:attachment":[{"href":"https:\/\/www.montendre.se\/index.php?rest_route=%2Fwp%2Fv2%2Fmedia&parent=3984"}],"wp:term":[{"taxonomy":"category","embeddable":true,"href":"https:\/\/www.montendre.se\/index.php?rest_route=%2Fwp%2Fv2%2Fcategories&post=3984"},{"taxonomy":"post_tag","embeddable":true,"href":"https:\/\/www.montendre.se\/index.php?rest_route=%2Fwp%2Fv2%2Ftags&post=3984"}],"curies":[{"name":"wp","href":"https:\/\/api.w.org\/{rel}","templated":true}]}}