{"id":3975,"date":"2019-08-05T20:22:17","date_gmt":"2019-08-05T18:22:17","guid":{"rendered":"https:\/\/www.montendre.se\/?p=3975"},"modified":"2019-08-05T20:22:17","modified_gmt":"2019-08-05T18:22:17","slug":"5-augusti-2019","status":"publish","type":"post","link":"https:\/\/www.montendre.se\/?p=3975","title":{"rendered":"5 augusti 2019"},"content":{"rendered":"<p>Molnigt p\u00e5 f\u00f6rmiddagen sedan v\u00e4xlande molnighet, 29 grader.<\/p>\n<p>Tapetserade klart mellandelen av korridoren. P\u00e5 nytapetserade v\u00e4ggen bytte vi ut en svart elkabel som legat i kabelr\u00e4nna mot en vit som f\u00e5r ligga utan kabelr\u00e4nna. Ska spikas fast n\u00e4r d\u00f6rrkarmen \u00e4r m\u00e5lad.<\/p>\n<p><a href=\"https:\/\/www.montendre.se\/wp-content\/uploads\/2019\/08\/IMG_8670.jpg\"><img loading=\"lazy\" decoding=\"async\" class=\"aligncenter size-medium wp-image-3980\" src=\"https:\/\/www.montendre.se\/wp-content\/uploads\/2019\/08\/IMG_8670-225x300.jpg\" alt=\"\" width=\"225\" height=\"300\" srcset=\"https:\/\/www.montendre.se\/wp-content\/uploads\/2019\/08\/IMG_8670-225x300.jpg 225w, https:\/\/www.montendre.se\/wp-content\/uploads\/2019\/08\/IMG_8670-768x1024.jpg 768w, https:\/\/www.montendre.se\/wp-content\/uploads\/2019\/08\/IMG_8670-700x933.jpg 700w, https:\/\/www.montendre.se\/wp-content\/uploads\/2019\/08\/IMG_8670.jpg 960w\" sizes=\"(max-width: 225px) 100vw, 225px\" \/><\/a>Satte upp n\u00e5gra taklister.<\/p>\n<p><a href=\"https:\/\/www.montendre.se\/wp-content\/uploads\/2019\/08\/IMG_8674.jpg\"><img loading=\"lazy\" decoding=\"async\" class=\"aligncenter size-medium wp-image-3981\" src=\"https:\/\/www.montendre.se\/wp-content\/uploads\/2019\/08\/IMG_8674-300x225.jpg\" alt=\"\" width=\"300\" height=\"225\" srcset=\"https:\/\/www.montendre.se\/wp-content\/uploads\/2019\/08\/IMG_8674-300x225.jpg 300w, https:\/\/www.montendre.se\/wp-content\/uploads\/2019\/08\/IMG_8674-768x576.jpg 768w, https:\/\/www.montendre.se\/wp-content\/uploads\/2019\/08\/IMG_8674-1024x768.jpg 1024w, https:\/\/www.montendre.se\/wp-content\/uploads\/2019\/08\/IMG_8674-268x200.jpg 268w, https:\/\/www.montendre.se\/wp-content\/uploads\/2019\/08\/IMG_8674-700x525.jpg 700w, https:\/\/www.montendre.se\/wp-content\/uploads\/2019\/08\/IMG_8674.jpg 1280w\" sizes=\"(max-width: 300px) 100vw, 300px\" \/><\/a><\/p>\n<p>Rensat i rabatten och blandat upp med lite ny jord.<\/p>\n<p>Middag hemma.<\/p>\n","protected":false},"excerpt":{"rendered":"<p>Molnigt p\u00e5 f\u00f6rmiddagen sedan v\u00e4xlande molnighet, 29 grader. Tapetserade klart mellandelen av korridoren. P\u00e5 nytapetserade v\u00e4ggen bytte vi ut en svart elkabel som legat i kabelr\u00e4nna mot en vit som f\u00e5r ligga utan kabelr\u00e4nna. Ska spikas fast n\u00e4r d\u00f6rrkarmen \u00e4r m\u00e5lad. Satte upp n\u00e5gra taklister. Rensat i rabatten och blandat &#8230;<\/p>\n","protected":false},"author":1,"featured_media":0,"comment_status":"open","ping_status":"open","sticky":false,"template":"","format":"standard","meta":{"jetpack_post_was_ever_published":false,"_jetpack_newsletter_access":"","_jetpack_dont_email_post_to_subs":false,"_jetpack_newsletter_tier_id":0,"footnotes":""},"categories":[61],"tags":[],"jetpack_sharing_enabled":true,"jetpack_featured_media_url":"","_links":{"self":[{"href":"https:\/\/www.montendre.se\/index.php?rest_route=\/wp\/v2\/posts\/3975"}],"collection":[{"href":"https:\/\/www.montendre.se\/index.php?rest_route=\/wp\/v2\/posts"}],"about":[{"href":"https:\/\/www.montendre.se\/index.php?rest_route=\/wp\/v2\/types\/post"}],"author":[{"embeddable":true,"href":"https:\/\/www.montendre.se\/index.php?rest_route=\/wp\/v2\/users\/1"}],"replies":[{"embeddable":true,"href":"https:\/\/www.montendre.se\/index.php?rest_route=%2Fwp%2Fv2%2Fcomments&post=3975"}],"version-history":[{"count":6,"href":"https:\/\/www.montendre.se\/index.php?rest_route=\/wp\/v2\/posts\/3975\/revisions"}],"predecessor-version":[{"id":3983,"href":"https:\/\/www.montendre.se\/index.php?rest_route=\/wp\/v2\/posts\/3975\/revisions\/3983"}],"wp:attachment":[{"href":"https:\/\/www.montendre.se\/index.php?rest_route=%2Fwp%2Fv2%2Fmedia&parent=3975"}],"wp:term":[{"taxonomy":"category","embeddable":true,"href":"https:\/\/www.montendre.se\/index.php?rest_route=%2Fwp%2Fv2%2Fcategories&post=3975"},{"taxonomy":"post_tag","embeddable":true,"href":"https:\/\/www.montendre.se\/index.php?rest_route=%2Fwp%2Fv2%2Ftags&post=3975"}],"curies":[{"name":"wp","href":"https:\/\/api.w.org\/{rel}","templated":true}]}}