{"id":3963,"date":"2019-08-04T22:19:02","date_gmt":"2019-08-04T20:19:02","guid":{"rendered":"https:\/\/www.montendre.se\/?p=3963"},"modified":"2019-08-04T22:19:02","modified_gmt":"2019-08-04T20:19:02","slug":"4-augusti-2019","status":"publish","type":"post","link":"https:\/\/www.montendre.se\/?p=3963","title":{"rendered":"4 augusti 2019"},"content":{"rendered":"<p>Soldis men \u00e4nd\u00e5 30 grader.<\/p>\n<p>M\u00e5lat taklister till korridoren en f\u00f6rsta g\u00e5ng.<\/p>\n<p><a href=\"https:\/\/www.montendre.se\/wp-content\/uploads\/2019\/08\/IMG_8652.jpg\"><img loading=\"lazy\" decoding=\"async\" class=\"aligncenter size-medium wp-image-3964\" src=\"https:\/\/www.montendre.se\/wp-content\/uploads\/2019\/08\/IMG_8652-225x300.jpg\" alt=\"\" width=\"225\" height=\"300\" srcset=\"https:\/\/www.montendre.se\/wp-content\/uploads\/2019\/08\/IMG_8652-225x300.jpg 225w, https:\/\/www.montendre.se\/wp-content\/uploads\/2019\/08\/IMG_8652-768x1024.jpg 768w, https:\/\/www.montendre.se\/wp-content\/uploads\/2019\/08\/IMG_8652-700x933.jpg 700w, https:\/\/www.montendre.se\/wp-content\/uploads\/2019\/08\/IMG_8652.jpg 960w\" sizes=\"(max-width: 225px) 100vw, 225px\" \/><\/a><\/p>\n<p>Vi har b\u00f6rjat s\u00e4tta utebordet i h\u00f6rnan vid uthuset s\u00e5 f\u00e5r man lite mer skugga fr\u00e5n lunch och fram\u00e5t. Utsikt fr\u00e5n nya &#8221;bordh\u00f6rnan&#8221;.<a href=\"https:\/\/www.montendre.se\/wp-content\/uploads\/2019\/08\/IMG_8656.jpg\"><img loading=\"lazy\" decoding=\"async\" class=\"aligncenter size-medium wp-image-3965\" src=\"https:\/\/www.montendre.se\/wp-content\/uploads\/2019\/08\/IMG_8656-300x225.jpg\" alt=\"\" width=\"300\" height=\"225\" srcset=\"https:\/\/www.montendre.se\/wp-content\/uploads\/2019\/08\/IMG_8656-300x225.jpg 300w, https:\/\/www.montendre.se\/wp-content\/uploads\/2019\/08\/IMG_8656-768x576.jpg 768w, https:\/\/www.montendre.se\/wp-content\/uploads\/2019\/08\/IMG_8656-1024x768.jpg 1024w, https:\/\/www.montendre.se\/wp-content\/uploads\/2019\/08\/IMG_8656-268x200.jpg 268w, https:\/\/www.montendre.se\/wp-content\/uploads\/2019\/08\/IMG_8656-700x525.jpg 700w, https:\/\/www.montendre.se\/wp-content\/uploads\/2019\/08\/IMG_8656.jpg 1280w\" sizes=\"(max-width: 300px) 100vw, 300px\" \/><\/a>S\u00e5 har jag skyddat mammuttr\u00e4det och tv\u00e5 fackelliljor. Bara de 3 plantorna kvar att skydda&#8230;<\/p>\n<p><a href=\"https:\/\/www.montendre.se\/wp-content\/uploads\/2019\/08\/IMG_8659.jpg\"><img loading=\"lazy\" decoding=\"async\" class=\"size-medium wp-image-3967 alignnone\" src=\"https:\/\/www.montendre.se\/wp-content\/uploads\/2019\/08\/IMG_8659-225x300.jpg\" alt=\"\" width=\"225\" height=\"300\" srcset=\"https:\/\/www.montendre.se\/wp-content\/uploads\/2019\/08\/IMG_8659-225x300.jpg 225w, https:\/\/www.montendre.se\/wp-content\/uploads\/2019\/08\/IMG_8659-768x1024.jpg 768w, https:\/\/www.montendre.se\/wp-content\/uploads\/2019\/08\/IMG_8659-700x933.jpg 700w, https:\/\/www.montendre.se\/wp-content\/uploads\/2019\/08\/IMG_8659.jpg 960w\" sizes=\"(max-width: 225px) 100vw, 225px\" \/><\/a><a href=\"https:\/\/www.montendre.se\/wp-content\/uploads\/2019\/08\/IMG_8666.jpg\"><img loading=\"lazy\" decoding=\"async\" class=\"size-medium wp-image-3971 alignnone\" src=\"https:\/\/www.montendre.se\/wp-content\/uploads\/2019\/08\/IMG_8666-225x300.jpg\" alt=\"\" width=\"225\" height=\"300\" srcset=\"https:\/\/www.montendre.se\/wp-content\/uploads\/2019\/08\/IMG_8666-225x300.jpg 225w, https:\/\/www.montendre.se\/wp-content\/uploads\/2019\/08\/IMG_8666-768x1024.jpg 768w, https:\/\/www.montendre.se\/wp-content\/uploads\/2019\/08\/IMG_8666-700x933.jpg 700w, https:\/\/www.montendre.se\/wp-content\/uploads\/2019\/08\/IMG_8666.jpg 960w\" sizes=\"(max-width: 225px) 100vw, 225px\" \/><\/a><a href=\"https:\/\/www.montendre.se\/wp-content\/uploads\/2019\/08\/IMG_8658.jpg\"><img loading=\"lazy\" decoding=\"async\" class=\"size-medium wp-image-3966 alignnone\" src=\"https:\/\/www.montendre.se\/wp-content\/uploads\/2019\/08\/IMG_8658-225x300.jpg\" alt=\"\" width=\"225\" height=\"300\" srcset=\"https:\/\/www.montendre.se\/wp-content\/uploads\/2019\/08\/IMG_8658-225x300.jpg 225w, https:\/\/www.montendre.se\/wp-content\/uploads\/2019\/08\/IMG_8658-768x1024.jpg 768w, https:\/\/www.montendre.se\/wp-content\/uploads\/2019\/08\/IMG_8658-700x933.jpg 700w, https:\/\/www.montendre.se\/wp-content\/uploads\/2019\/08\/IMG_8658.jpg 960w\" sizes=\"(max-width: 225px) 100vw, 225px\" \/><\/a><\/p>\n<p>Tapetserat ett par v\u00e5der till. R\u00e4tt varmt mitt p\u00e5 dagen s\u00e5 allt g\u00e5r i halvfart.<\/p>\n<p>Grillad havsg\u00f6s till middag.<\/p>\n<p><a href=\"https:\/\/www.montendre.se\/wp-content\/uploads\/2019\/08\/IMG_8664.jpg\"><img loading=\"lazy\" decoding=\"async\" class=\"aligncenter size-medium wp-image-3972\" src=\"https:\/\/www.montendre.se\/wp-content\/uploads\/2019\/08\/IMG_8664-225x300.jpg\" alt=\"\" width=\"225\" height=\"300\" srcset=\"https:\/\/www.montendre.se\/wp-content\/uploads\/2019\/08\/IMG_8664-225x300.jpg 225w, https:\/\/www.montendre.se\/wp-content\/uploads\/2019\/08\/IMG_8664-768x1024.jpg 768w, https:\/\/www.montendre.se\/wp-content\/uploads\/2019\/08\/IMG_8664-700x933.jpg 700w, https:\/\/www.montendre.se\/wp-content\/uploads\/2019\/08\/IMG_8664.jpg 960w\" sizes=\"(max-width: 225px) 100vw, 225px\" \/><\/a><\/p>\n<p>Och s\u00e5 har vi f\u00e5tt en nykomling i tr\u00e4dg\u00e5rden, en igelkott som satt vid valn\u00f6tstr\u00e4det.<\/p>\n<p><a href=\"https:\/\/www.montendre.se\/wp-content\/uploads\/2019\/08\/IMG_8667.jpg\"><img loading=\"lazy\" decoding=\"async\" class=\"aligncenter size-medium wp-image-3973\" src=\"https:\/\/www.montendre.se\/wp-content\/uploads\/2019\/08\/IMG_8667-225x300.jpg\" alt=\"\" width=\"225\" height=\"300\" srcset=\"https:\/\/www.montendre.se\/wp-content\/uploads\/2019\/08\/IMG_8667-225x300.jpg 225w, https:\/\/www.montendre.se\/wp-content\/uploads\/2019\/08\/IMG_8667-768x1024.jpg 768w, https:\/\/www.montendre.se\/wp-content\/uploads\/2019\/08\/IMG_8667-700x933.jpg 700w, https:\/\/www.montendre.se\/wp-content\/uploads\/2019\/08\/IMG_8667.jpg 960w\" sizes=\"(max-width: 225px) 100vw, 225px\" \/><\/a><\/p>\n","protected":false},"excerpt":{"rendered":"<p>Soldis men \u00e4nd\u00e5 30 grader. M\u00e5lat taklister till korridoren en f\u00f6rsta g\u00e5ng. Vi har b\u00f6rjat s\u00e4tta utebordet i h\u00f6rnan vid uthuset s\u00e5 f\u00e5r man lite mer skugga fr\u00e5n lunch och fram\u00e5t. Utsikt fr\u00e5n nya &#8221;bordh\u00f6rnan&#8221;.S\u00e5 har jag skyddat mammuttr\u00e4det och tv\u00e5 fackelliljor. Bara de 3 plantorna kvar att skydda&#8230; Tapetserat &#8230;<\/p>\n","protected":false},"author":1,"featured_media":0,"comment_status":"open","ping_status":"open","sticky":false,"template":"","format":"standard","meta":{"jetpack_post_was_ever_published":false,"_jetpack_newsletter_access":"","_jetpack_dont_email_post_to_subs":false,"_jetpack_newsletter_tier_id":0,"footnotes":""},"categories":[61],"tags":[],"jetpack_sharing_enabled":true,"jetpack_featured_media_url":"","_links":{"self":[{"href":"https:\/\/www.montendre.se\/index.php?rest_route=\/wp\/v2\/posts\/3963"}],"collection":[{"href":"https:\/\/www.montendre.se\/index.php?rest_route=\/wp\/v2\/posts"}],"about":[{"href":"https:\/\/www.montendre.se\/index.php?rest_route=\/wp\/v2\/types\/post"}],"author":[{"embeddable":true,"href":"https:\/\/www.montendre.se\/index.php?rest_route=\/wp\/v2\/users\/1"}],"replies":[{"embeddable":true,"href":"https:\/\/www.montendre.se\/index.php?rest_route=%2Fwp%2Fv2%2Fcomments&post=3963"}],"version-history":[{"count":4,"href":"https:\/\/www.montendre.se\/index.php?rest_route=\/wp\/v2\/posts\/3963\/revisions"}],"predecessor-version":[{"id":3974,"href":"https:\/\/www.montendre.se\/index.php?rest_route=\/wp\/v2\/posts\/3963\/revisions\/3974"}],"wp:attachment":[{"href":"https:\/\/www.montendre.se\/index.php?rest_route=%2Fwp%2Fv2%2Fmedia&parent=3963"}],"wp:term":[{"taxonomy":"category","embeddable":true,"href":"https:\/\/www.montendre.se\/index.php?rest_route=%2Fwp%2Fv2%2Fcategories&post=3963"},{"taxonomy":"post_tag","embeddable":true,"href":"https:\/\/www.montendre.se\/index.php?rest_route=%2Fwp%2Fv2%2Ftags&post=3963"}],"curies":[{"name":"wp","href":"https:\/\/api.w.org\/{rel}","templated":true}]}}