{"id":3945,"date":"2019-08-02T22:09:25","date_gmt":"2019-08-02T20:09:25","guid":{"rendered":"https:\/\/www.montendre.se\/?p=3945"},"modified":"2019-08-02T22:09:45","modified_gmt":"2019-08-02T20:09:45","slug":"2-augusti-2019","status":"publish","type":"post","link":"https:\/\/www.montendre.se\/?p=3945","title":{"rendered":"2 augusti 2019"},"content":{"rendered":"<p>Soligt och 28 grader.<\/p>\n<p>Klar med all tapetborttagning i korridoren till slut. Finns ett h\u00e5l i v\u00e4ggen (som kanske elektrikern \u00e4r orsak till) som m\u00e5ste fixas.<\/p>\n<p><a href=\"https:\/\/www.montendre.se\/wp-content\/uploads\/2019\/08\/IMG_8628.jpg\"><img loading=\"lazy\" decoding=\"async\" class=\"aligncenter size-medium wp-image-3946\" src=\"https:\/\/www.montendre.se\/wp-content\/uploads\/2019\/08\/IMG_8628-225x300.jpg\" alt=\"\" width=\"225\" height=\"300\" srcset=\"https:\/\/www.montendre.se\/wp-content\/uploads\/2019\/08\/IMG_8628-225x300.jpg 225w, https:\/\/www.montendre.se\/wp-content\/uploads\/2019\/08\/IMG_8628-768x1024.jpg 768w, https:\/\/www.montendre.se\/wp-content\/uploads\/2019\/08\/IMG_8628-700x933.jpg 700w, https:\/\/www.montendre.se\/wp-content\/uploads\/2019\/08\/IMG_8628.jpg 960w\" sizes=\"(max-width: 225px) 100vw, 225px\" \/><\/a><\/p>\n<p>Har m\u00e5lat klart i taket ocks\u00e5. Inte perfekt men nu f\u00e5r det duga.<\/p>\n<p>Och tapetserat tre v\u00e5der p\u00e5 ena sidan.<\/p>\n<p><a href=\"https:\/\/www.montendre.se\/wp-content\/uploads\/2019\/08\/IMG_8635.jpg\"><img loading=\"lazy\" decoding=\"async\" class=\"aligncenter size-medium wp-image-3947\" src=\"https:\/\/www.montendre.se\/wp-content\/uploads\/2019\/08\/IMG_8635-225x300.jpg\" alt=\"\" width=\"225\" height=\"300\" srcset=\"https:\/\/www.montendre.se\/wp-content\/uploads\/2019\/08\/IMG_8635-225x300.jpg 225w, https:\/\/www.montendre.se\/wp-content\/uploads\/2019\/08\/IMG_8635-768x1024.jpg 768w, https:\/\/www.montendre.se\/wp-content\/uploads\/2019\/08\/IMG_8635-700x933.jpg 700w, https:\/\/www.montendre.se\/wp-content\/uploads\/2019\/08\/IMG_8635.jpg 960w\" sizes=\"(max-width: 225px) 100vw, 225px\" \/><\/a>Rabatten \u00e4r snart helt rensad. Det tar sin tid&#8230; Lite kvar l\u00e4ngst bak (det som ser ut som gr\u00e4smatta i rabatten \ud83d\ude42 )<\/p>\n<p><a href=\"https:\/\/www.montendre.se\/wp-content\/uploads\/2019\/08\/IMG_8637.jpg\"><img loading=\"lazy\" decoding=\"async\" class=\"aligncenter size-medium wp-image-3948\" src=\"https:\/\/www.montendre.se\/wp-content\/uploads\/2019\/08\/IMG_8637-300x225.jpg\" alt=\"\" width=\"300\" height=\"225\" srcset=\"https:\/\/www.montendre.se\/wp-content\/uploads\/2019\/08\/IMG_8637-300x225.jpg 300w, https:\/\/www.montendre.se\/wp-content\/uploads\/2019\/08\/IMG_8637-768x576.jpg 768w, https:\/\/www.montendre.se\/wp-content\/uploads\/2019\/08\/IMG_8637-1024x768.jpg 1024w, https:\/\/www.montendre.se\/wp-content\/uploads\/2019\/08\/IMG_8637-268x200.jpg 268w, https:\/\/www.montendre.se\/wp-content\/uploads\/2019\/08\/IMG_8637-700x525.jpg 700w, https:\/\/www.montendre.se\/wp-content\/uploads\/2019\/08\/IMG_8637.jpg 1280w\" sizes=\"(max-width: 300px) 100vw, 300px\" \/><\/a><\/p>\n<p>Och s\u00e5 har vi f\u00e5tt en ny kompis som ligger under bordet ute. En katt m\u00e5ste man v\u00e4l &#8221;ha&#8221; p\u00e5 ett st\u00e4lle p\u00e5 franska landsbygden!<\/p>\n<p><a href=\"https:\/\/www.montendre.se\/wp-content\/uploads\/2019\/08\/IMG_8633.jpg\"><img loading=\"lazy\" decoding=\"async\" class=\"aligncenter size-medium wp-image-3949\" src=\"https:\/\/www.montendre.se\/wp-content\/uploads\/2019\/08\/IMG_8633-300x225.jpg\" alt=\"\" width=\"300\" height=\"225\" srcset=\"https:\/\/www.montendre.se\/wp-content\/uploads\/2019\/08\/IMG_8633-300x225.jpg 300w, https:\/\/www.montendre.se\/wp-content\/uploads\/2019\/08\/IMG_8633-768x576.jpg 768w, https:\/\/www.montendre.se\/wp-content\/uploads\/2019\/08\/IMG_8633-1024x768.jpg 1024w, https:\/\/www.montendre.se\/wp-content\/uploads\/2019\/08\/IMG_8633-268x200.jpg 268w, https:\/\/www.montendre.se\/wp-content\/uploads\/2019\/08\/IMG_8633-700x525.jpg 700w, https:\/\/www.montendre.se\/wp-content\/uploads\/2019\/08\/IMG_8633.jpg 1280w\" sizes=\"(max-width: 300px) 100vw, 300px\" \/><\/a><\/p>\n<p>Middag i Chepniers.<\/p>\n","protected":false},"excerpt":{"rendered":"<p>Soligt och 28 grader. Klar med all tapetborttagning i korridoren till slut. Finns ett h\u00e5l i v\u00e4ggen (som kanske elektrikern \u00e4r orsak till) som m\u00e5ste fixas. Har m\u00e5lat klart i taket ocks\u00e5. Inte perfekt men nu f\u00e5r det duga. Och tapetserat tre v\u00e5der p\u00e5 ena sidan. Rabatten \u00e4r snart helt &#8230;<\/p>\n","protected":false},"author":1,"featured_media":0,"comment_status":"open","ping_status":"open","sticky":false,"template":"","format":"standard","meta":{"jetpack_post_was_ever_published":false,"_jetpack_newsletter_access":"","_jetpack_dont_email_post_to_subs":false,"_jetpack_newsletter_tier_id":0,"footnotes":""},"categories":[61],"tags":[],"jetpack_sharing_enabled":true,"jetpack_featured_media_url":"","_links":{"self":[{"href":"https:\/\/www.montendre.se\/index.php?rest_route=\/wp\/v2\/posts\/3945"}],"collection":[{"href":"https:\/\/www.montendre.se\/index.php?rest_route=\/wp\/v2\/posts"}],"about":[{"href":"https:\/\/www.montendre.se\/index.php?rest_route=\/wp\/v2\/types\/post"}],"author":[{"embeddable":true,"href":"https:\/\/www.montendre.se\/index.php?rest_route=\/wp\/v2\/users\/1"}],"replies":[{"embeddable":true,"href":"https:\/\/www.montendre.se\/index.php?rest_route=%2Fwp%2Fv2%2Fcomments&post=3945"}],"version-history":[{"count":4,"href":"https:\/\/www.montendre.se\/index.php?rest_route=\/wp\/v2\/posts\/3945\/revisions"}],"predecessor-version":[{"id":3953,"href":"https:\/\/www.montendre.se\/index.php?rest_route=\/wp\/v2\/posts\/3945\/revisions\/3953"}],"wp:attachment":[{"href":"https:\/\/www.montendre.se\/index.php?rest_route=%2Fwp%2Fv2%2Fmedia&parent=3945"}],"wp:term":[{"taxonomy":"category","embeddable":true,"href":"https:\/\/www.montendre.se\/index.php?rest_route=%2Fwp%2Fv2%2Fcategories&post=3945"},{"taxonomy":"post_tag","embeddable":true,"href":"https:\/\/www.montendre.se\/index.php?rest_route=%2Fwp%2Fv2%2Ftags&post=3945"}],"curies":[{"name":"wp","href":"https:\/\/api.w.org\/{rel}","templated":true}]}}