{"id":3895,"date":"2019-07-22T23:08:08","date_gmt":"2019-07-22T21:08:08","guid":{"rendered":"https:\/\/www.montendre.se\/?p=3895"},"modified":"2019-07-23T09:08:24","modified_gmt":"2019-07-23T07:08:24","slug":"22-juli-2019","status":"publish","type":"post","link":"https:\/\/www.montendre.se\/?p=3895","title":{"rendered":"22 juli 2019"},"content":{"rendered":"<p>Fl\u00f6g ner via Paris. Kom fram till huset runt halv nio. Lite struligt med biluthyrningen. Hertz hade lite kaos som vanligt. M\u00f6tte Ls syster p\u00e5 flygplatsen. Hon hade flugit ner via Lissabon.<\/p>\n<p>Varmt&#8230; 36 grader n\u00e4r vi landade. Runt 33 grader vid huset n\u00e4r vi kom fram dit, men svalt och sk\u00f6nt inomhus pga av v\u00e4rmev\u00e4xlaren. P\u00e5 ovanv\u00e5ningen var det r\u00e4tt varmt dock. Drog ig\u00e5ng den portabla AC:n i v\u00e5rt sovrum.<\/p>\n<p>Lite pizza och sallad som middag.<\/p>\n<p>En v\u00e4xt som det h\u00e4nt lite skumma saker med. De sm\u00e5 kron\u00e4rtskocksliknande v\u00e4xterna hade b\u00f6rjat blomma. Ser ut som n\u00e5got fr\u00e5n yttre v\u00e4rldsrymden.<\/p>\n<p><a href=\"https:\/\/www.montendre.se\/wp-content\/uploads\/2019\/07\/IMG_8585.jpg\"><img loading=\"lazy\" decoding=\"async\" class=\"aligncenter size-medium wp-image-3897\" src=\"https:\/\/www.montendre.se\/wp-content\/uploads\/2019\/07\/IMG_8585-225x300.jpg\" alt=\"\" width=\"225\" height=\"300\" srcset=\"https:\/\/www.montendre.se\/wp-content\/uploads\/2019\/07\/IMG_8585-225x300.jpg 225w, https:\/\/www.montendre.se\/wp-content\/uploads\/2019\/07\/IMG_8585-768x1024.jpg 768w, https:\/\/www.montendre.se\/wp-content\/uploads\/2019\/07\/IMG_8585-700x933.jpg 700w, https:\/\/www.montendre.se\/wp-content\/uploads\/2019\/07\/IMG_8585.jpg 960w\" sizes=\"(max-width: 225px) 100vw, 225px\" \/><\/a><\/p>\n","protected":false},"excerpt":{"rendered":"<p>Fl\u00f6g ner via Paris. Kom fram till huset runt halv nio. Lite struligt med biluthyrningen. Hertz hade lite kaos som vanligt. M\u00f6tte Ls syster p\u00e5 flygplatsen. Hon hade flugit ner via Lissabon. Varmt&#8230; 36 grader n\u00e4r vi landade. Runt 33 grader vid huset n\u00e4r vi kom fram dit, men svalt &#8230;<\/p>\n","protected":false},"author":1,"featured_media":0,"comment_status":"open","ping_status":"open","sticky":false,"template":"","format":"standard","meta":{"jetpack_post_was_ever_published":false,"_jetpack_newsletter_access":"","_jetpack_dont_email_post_to_subs":false,"_jetpack_newsletter_tier_id":0,"footnotes":""},"categories":[61],"tags":[],"jetpack_sharing_enabled":true,"jetpack_featured_media_url":"","_links":{"self":[{"href":"https:\/\/www.montendre.se\/index.php?rest_route=\/wp\/v2\/posts\/3895"}],"collection":[{"href":"https:\/\/www.montendre.se\/index.php?rest_route=\/wp\/v2\/posts"}],"about":[{"href":"https:\/\/www.montendre.se\/index.php?rest_route=\/wp\/v2\/types\/post"}],"author":[{"embeddable":true,"href":"https:\/\/www.montendre.se\/index.php?rest_route=\/wp\/v2\/users\/1"}],"replies":[{"embeddable":true,"href":"https:\/\/www.montendre.se\/index.php?rest_route=%2Fwp%2Fv2%2Fcomments&post=3895"}],"version-history":[{"count":1,"href":"https:\/\/www.montendre.se\/index.php?rest_route=\/wp\/v2\/posts\/3895\/revisions"}],"predecessor-version":[{"id":3898,"href":"https:\/\/www.montendre.se\/index.php?rest_route=\/wp\/v2\/posts\/3895\/revisions\/3898"}],"wp:attachment":[{"href":"https:\/\/www.montendre.se\/index.php?rest_route=%2Fwp%2Fv2%2Fmedia&parent=3895"}],"wp:term":[{"taxonomy":"category","embeddable":true,"href":"https:\/\/www.montendre.se\/index.php?rest_route=%2Fwp%2Fv2%2Fcategories&post=3895"},{"taxonomy":"post_tag","embeddable":true,"href":"https:\/\/www.montendre.se\/index.php?rest_route=%2Fwp%2Fv2%2Ftags&post=3895"}],"curies":[{"name":"wp","href":"https:\/\/api.w.org\/{rel}","templated":true}]}}