{"id":3883,"date":"2019-06-10T19:48:00","date_gmt":"2019-06-10T17:48:00","guid":{"rendered":"https:\/\/www.montendre.se\/?p=3883"},"modified":"2019-06-10T19:49:17","modified_gmt":"2019-06-10T17:49:17","slug":"10-juni-2019","status":"publish","type":"post","link":"https:\/\/www.montendre.se\/?p=3883","title":{"rendered":"10 juni 2019"},"content":{"rendered":"<p>V\u00e4xlande molnighet, 19 grader.<\/p>\n<p>M\u00e5lat klart taket och grundm\u00e5lat b\u00e5da v\u00e4ggarna i mittensektionen. Klart f\u00f6r tapetsering.<\/p>\n<p><a href=\"https:\/\/www.montendre.se\/wp-content\/uploads\/2019\/06\/IMG_8509.jpg\"><img loading=\"lazy\" decoding=\"async\" class=\"aligncenter size-medium wp-image-3884\" src=\"https:\/\/www.montendre.se\/wp-content\/uploads\/2019\/06\/IMG_8509-225x300.jpg\" alt=\"\" width=\"225\" height=\"300\" srcset=\"https:\/\/www.montendre.se\/wp-content\/uploads\/2019\/06\/IMG_8509-225x300.jpg 225w, https:\/\/www.montendre.se\/wp-content\/uploads\/2019\/06\/IMG_8509-768x1024.jpg 768w, https:\/\/www.montendre.se\/wp-content\/uploads\/2019\/06\/IMG_8509-700x933.jpg 700w, https:\/\/www.montendre.se\/wp-content\/uploads\/2019\/06\/IMG_8509.jpg 960w\" sizes=\"(max-width: 225px) 100vw, 225px\" \/><\/a><\/p>\n<p>Rensat rabatter igen.<\/p>\n<p><a href=\"https:\/\/www.montendre.se\/wp-content\/uploads\/2019\/06\/IMG_8515.jpg\"><img loading=\"lazy\" decoding=\"async\" class=\"aligncenter size-medium wp-image-3885\" src=\"https:\/\/www.montendre.se\/wp-content\/uploads\/2019\/06\/IMG_8515-300x225.jpg\" alt=\"\" width=\"300\" height=\"225\" srcset=\"https:\/\/www.montendre.se\/wp-content\/uploads\/2019\/06\/IMG_8515-300x225.jpg 300w, https:\/\/www.montendre.se\/wp-content\/uploads\/2019\/06\/IMG_8515-768x576.jpg 768w, https:\/\/www.montendre.se\/wp-content\/uploads\/2019\/06\/IMG_8515-1024x768.jpg 1024w, https:\/\/www.montendre.se\/wp-content\/uploads\/2019\/06\/IMG_8515-268x200.jpg 268w, https:\/\/www.montendre.se\/wp-content\/uploads\/2019\/06\/IMG_8515-700x525.jpg 700w, https:\/\/www.montendre.se\/wp-content\/uploads\/2019\/06\/IMG_8515.jpg 1280w\" sizes=\"(max-width: 300px) 100vw, 300px\" \/><\/a><\/p>\n<p>Av komposth\u00f6gens h\u00f6jd att d\u00f6ma har jag varit flitig. Man borde alltid ta en f\u00f6re- och en efter-bild p\u00e5 komposth\u00f6gen.<\/p>\n<p><a href=\"https:\/\/www.montendre.se\/wp-content\/uploads\/2019\/06\/IMG_8513.jpg\"><img loading=\"lazy\" decoding=\"async\" class=\"aligncenter size-medium wp-image-3886\" src=\"https:\/\/www.montendre.se\/wp-content\/uploads\/2019\/06\/IMG_8513-225x300.jpg\" alt=\"\" width=\"225\" height=\"300\" srcset=\"https:\/\/www.montendre.se\/wp-content\/uploads\/2019\/06\/IMG_8513-225x300.jpg 225w, https:\/\/www.montendre.se\/wp-content\/uploads\/2019\/06\/IMG_8513-768x1024.jpg 768w, https:\/\/www.montendre.se\/wp-content\/uploads\/2019\/06\/IMG_8513-700x933.jpg 700w, https:\/\/www.montendre.se\/wp-content\/uploads\/2019\/06\/IMG_8513.jpg 960w\" sizes=\"(max-width: 225px) 100vw, 225px\" \/><\/a><\/p>\n<p>Och det var i alla fall minst en som var n\u00f6jd med s\u00e5 mycket nya godsaker i komposth\u00f6gen.<\/p>\n<p><a href=\"https:\/\/www.montendre.se\/wp-content\/uploads\/2019\/06\/IMG_8512.jpg\"><img loading=\"lazy\" decoding=\"async\" class=\"aligncenter size-medium wp-image-3887\" src=\"https:\/\/www.montendre.se\/wp-content\/uploads\/2019\/06\/IMG_8512-225x300.jpg\" alt=\"\" width=\"225\" height=\"300\" srcset=\"https:\/\/www.montendre.se\/wp-content\/uploads\/2019\/06\/IMG_8512-225x300.jpg 225w, https:\/\/www.montendre.se\/wp-content\/uploads\/2019\/06\/IMG_8512-768x1024.jpg 768w, https:\/\/www.montendre.se\/wp-content\/uploads\/2019\/06\/IMG_8512-700x933.jpg 700w, https:\/\/www.montendre.se\/wp-content\/uploads\/2019\/06\/IMG_8512.jpg 960w\" sizes=\"(max-width: 225px) 100vw, 225px\" \/><\/a>Middag hemma.<\/p>\n","protected":false},"excerpt":{"rendered":"<p>V\u00e4xlande molnighet, 19 grader. M\u00e5lat klart taket och grundm\u00e5lat b\u00e5da v\u00e4ggarna i mittensektionen. Klart f\u00f6r tapetsering. Rensat rabatter igen. Av komposth\u00f6gens h\u00f6jd att d\u00f6ma har jag varit flitig. Man borde alltid ta en f\u00f6re- och en efter-bild p\u00e5 komposth\u00f6gen. Och det var i alla fall minst en som var n\u00f6jd &#8230;<\/p>\n","protected":false},"author":1,"featured_media":0,"comment_status":"open","ping_status":"open","sticky":false,"template":"","format":"standard","meta":{"jetpack_post_was_ever_published":false,"_jetpack_newsletter_access":"","_jetpack_dont_email_post_to_subs":false,"_jetpack_newsletter_tier_id":0,"footnotes":""},"categories":[60],"tags":[],"jetpack_sharing_enabled":true,"jetpack_featured_media_url":"","_links":{"self":[{"href":"https:\/\/www.montendre.se\/index.php?rest_route=\/wp\/v2\/posts\/3883"}],"collection":[{"href":"https:\/\/www.montendre.se\/index.php?rest_route=\/wp\/v2\/posts"}],"about":[{"href":"https:\/\/www.montendre.se\/index.php?rest_route=\/wp\/v2\/types\/post"}],"author":[{"embeddable":true,"href":"https:\/\/www.montendre.se\/index.php?rest_route=\/wp\/v2\/users\/1"}],"replies":[{"embeddable":true,"href":"https:\/\/www.montendre.se\/index.php?rest_route=%2Fwp%2Fv2%2Fcomments&post=3883"}],"version-history":[{"count":5,"href":"https:\/\/www.montendre.se\/index.php?rest_route=\/wp\/v2\/posts\/3883\/revisions"}],"predecessor-version":[{"id":3892,"href":"https:\/\/www.montendre.se\/index.php?rest_route=\/wp\/v2\/posts\/3883\/revisions\/3892"}],"wp:attachment":[{"href":"https:\/\/www.montendre.se\/index.php?rest_route=%2Fwp%2Fv2%2Fmedia&parent=3883"}],"wp:term":[{"taxonomy":"category","embeddable":true,"href":"https:\/\/www.montendre.se\/index.php?rest_route=%2Fwp%2Fv2%2Fcategories&post=3883"},{"taxonomy":"post_tag","embeddable":true,"href":"https:\/\/www.montendre.se\/index.php?rest_route=%2Fwp%2Fv2%2Ftags&post=3883"}],"curies":[{"name":"wp","href":"https:\/\/api.w.org\/{rel}","templated":true}]}}