{"id":3880,"date":"2019-06-09T19:56:50","date_gmt":"2019-06-09T17:56:50","guid":{"rendered":"https:\/\/www.montendre.se\/?p=3880"},"modified":"2019-06-09T19:56:50","modified_gmt":"2019-06-09T17:56:50","slug":"9-juni-2019","status":"publish","type":"post","link":"https:\/\/www.montendre.se\/?p=3880","title":{"rendered":"9 juni 2019"},"content":{"rendered":"<p>Molnigt p\u00e5 f\u00f6rmiddagen, soligt p\u00e5 eftermiddagen, 23 grader.<\/p>\n<p>Grundm\u00e5lat tak och v\u00e4gg i korridoren. Tagit bort resten av tapeten i den delen av korridoren som jag jobbar i. Ska grundm\u00e5la den rensade v\u00e4ggen i morgon och m\u00e5la klart taket har jag t\u00e4nkt.<\/p>\n<p>Rensat ogr\u00e4s i tr\u00e4dg\u00e5rden, t.ex. h\u00e4r:<\/p>\n<p><a href=\"https:\/\/www.montendre.se\/wp-content\/uploads\/2019\/06\/IMG_8505.jpg\"><img loading=\"lazy\" decoding=\"async\" class=\"aligncenter size-medium wp-image-3881\" src=\"https:\/\/www.montendre.se\/wp-content\/uploads\/2019\/06\/IMG_8505-300x225.jpg\" alt=\"\" width=\"300\" height=\"225\" srcset=\"https:\/\/www.montendre.se\/wp-content\/uploads\/2019\/06\/IMG_8505-300x225.jpg 300w, https:\/\/www.montendre.se\/wp-content\/uploads\/2019\/06\/IMG_8505-768x576.jpg 768w, https:\/\/www.montendre.se\/wp-content\/uploads\/2019\/06\/IMG_8505-1024x768.jpg 1024w, https:\/\/www.montendre.se\/wp-content\/uploads\/2019\/06\/IMG_8505-268x200.jpg 268w, https:\/\/www.montendre.se\/wp-content\/uploads\/2019\/06\/IMG_8505-700x525.jpg 700w, https:\/\/www.montendre.se\/wp-content\/uploads\/2019\/06\/IMG_8505.jpg 1280w\" sizes=\"(max-width: 300px) 100vw, 300px\" \/><\/a><\/p>\n<p>Teoretiskt sett \u00e4r v\u00e4l vallmon ogr\u00e4s ocks\u00e5 men den f\u00e5r st\u00e5 kvar&#8230;<\/p>\n<p>Fixat gamla gr\u00e4sklipparen som gick s\u00f6nder f\u00f6rra resan. Bara en mutter som beh\u00f6vde dras \u00e5t. Klipper ju delen n\u00e4rmast huset och g\u00e5ngen ut mot gatan med den.<\/p>\n<p>Middag hemma.<\/p>\n","protected":false},"excerpt":{"rendered":"<p>Molnigt p\u00e5 f\u00f6rmiddagen, soligt p\u00e5 eftermiddagen, 23 grader. Grundm\u00e5lat tak och v\u00e4gg i korridoren. Tagit bort resten av tapeten i den delen av korridoren som jag jobbar i. Ska grundm\u00e5la den rensade v\u00e4ggen i morgon och m\u00e5la klart taket har jag t\u00e4nkt. Rensat ogr\u00e4s i tr\u00e4dg\u00e5rden, t.ex. h\u00e4r: Teoretiskt sett &#8230;<\/p>\n","protected":false},"author":1,"featured_media":0,"comment_status":"open","ping_status":"open","sticky":false,"template":"","format":"standard","meta":{"jetpack_post_was_ever_published":false,"_jetpack_newsletter_access":"","_jetpack_dont_email_post_to_subs":false,"_jetpack_newsletter_tier_id":0,"footnotes":""},"categories":[60],"tags":[],"jetpack_sharing_enabled":true,"jetpack_featured_media_url":"","_links":{"self":[{"href":"https:\/\/www.montendre.se\/index.php?rest_route=\/wp\/v2\/posts\/3880"}],"collection":[{"href":"https:\/\/www.montendre.se\/index.php?rest_route=\/wp\/v2\/posts"}],"about":[{"href":"https:\/\/www.montendre.se\/index.php?rest_route=\/wp\/v2\/types\/post"}],"author":[{"embeddable":true,"href":"https:\/\/www.montendre.se\/index.php?rest_route=\/wp\/v2\/users\/1"}],"replies":[{"embeddable":true,"href":"https:\/\/www.montendre.se\/index.php?rest_route=%2Fwp%2Fv2%2Fcomments&post=3880"}],"version-history":[{"count":1,"href":"https:\/\/www.montendre.se\/index.php?rest_route=\/wp\/v2\/posts\/3880\/revisions"}],"predecessor-version":[{"id":3882,"href":"https:\/\/www.montendre.se\/index.php?rest_route=\/wp\/v2\/posts\/3880\/revisions\/3882"}],"wp:attachment":[{"href":"https:\/\/www.montendre.se\/index.php?rest_route=%2Fwp%2Fv2%2Fmedia&parent=3880"}],"wp:term":[{"taxonomy":"category","embeddable":true,"href":"https:\/\/www.montendre.se\/index.php?rest_route=%2Fwp%2Fv2%2Fcategories&post=3880"},{"taxonomy":"post_tag","embeddable":true,"href":"https:\/\/www.montendre.se\/index.php?rest_route=%2Fwp%2Fv2%2Ftags&post=3880"}],"curies":[{"name":"wp","href":"https:\/\/api.w.org\/{rel}","templated":true}]}}