{"id":3851,"date":"2019-06-06T20:17:46","date_gmt":"2019-06-06T18:17:46","guid":{"rendered":"https:\/\/www.montendre.se\/?p=3851"},"modified":"2019-06-06T20:17:46","modified_gmt":"2019-06-06T18:17:46","slug":"6-juni-2019","status":"publish","type":"post","link":"https:\/\/www.montendre.se\/?p=3851","title":{"rendered":"6 juni 2019"},"content":{"rendered":"<p>\u00c5kte tidiga planet s\u00e5 jag var i huset redan kvart \u00f6ver tolv. V\u00e4xlande molnighet, 20-22 grader.<\/p>\n<p>Hade med mig n\u00e5gra v\u00e4xter, ett mammuttr\u00e4d, en fackellilja och tv\u00e5 riddarsporre.:<\/p>\n<p><a href=\"https:\/\/www.montendre.se\/wp-content\/uploads\/2019\/06\/IMG_8466.jpg\"><img loading=\"lazy\" decoding=\"async\" class=\"aligncenter size-medium wp-image-3852\" src=\"https:\/\/www.montendre.se\/wp-content\/uploads\/2019\/06\/IMG_8466-300x225.jpg\" alt=\"\" width=\"300\" height=\"225\" srcset=\"https:\/\/www.montendre.se\/wp-content\/uploads\/2019\/06\/IMG_8466-300x225.jpg 300w, https:\/\/www.montendre.se\/wp-content\/uploads\/2019\/06\/IMG_8466-768x576.jpg 768w, https:\/\/www.montendre.se\/wp-content\/uploads\/2019\/06\/IMG_8466-1024x768.jpg 1024w, https:\/\/www.montendre.se\/wp-content\/uploads\/2019\/06\/IMG_8466-268x200.jpg 268w, https:\/\/www.montendre.se\/wp-content\/uploads\/2019\/06\/IMG_8466-700x525.jpg 700w, https:\/\/www.montendre.se\/wp-content\/uploads\/2019\/06\/IMG_8466.jpg 1280w\" sizes=\"(max-width: 300px) 100vw, 300px\" \/><\/a><\/p>\n<p>Huset s\u00e5g ut som vanligt. Lite vildvuxet i tr\u00e4dg\u00e5rden.<\/p>\n<p><a href=\"https:\/\/www.montendre.se\/wp-content\/uploads\/2019\/06\/IMG_8471.jpg\"><img loading=\"lazy\" decoding=\"async\" class=\"aligncenter size-medium wp-image-3853\" src=\"https:\/\/www.montendre.se\/wp-content\/uploads\/2019\/06\/IMG_8471-225x300.jpg\" alt=\"\" width=\"225\" height=\"300\" srcset=\"https:\/\/www.montendre.se\/wp-content\/uploads\/2019\/06\/IMG_8471-225x300.jpg 225w, https:\/\/www.montendre.se\/wp-content\/uploads\/2019\/06\/IMG_8471-768x1024.jpg 768w, https:\/\/www.montendre.se\/wp-content\/uploads\/2019\/06\/IMG_8471-700x933.jpg 700w, https:\/\/www.montendre.se\/wp-content\/uploads\/2019\/06\/IMG_8471.jpg 960w\" sizes=\"(max-width: 225px) 100vw, 225px\" \/><\/a>Konstig l\u00f6kliknande v\u00e4xt.<\/p>\n<p><a href=\"https:\/\/www.montendre.se\/wp-content\/uploads\/2019\/06\/IMG_8472.jpg\"><img loading=\"lazy\" decoding=\"async\" class=\"aligncenter size-medium wp-image-3854\" src=\"https:\/\/www.montendre.se\/wp-content\/uploads\/2019\/06\/IMG_8472-225x300.jpg\" alt=\"\" width=\"225\" height=\"300\" srcset=\"https:\/\/www.montendre.se\/wp-content\/uploads\/2019\/06\/IMG_8472-225x300.jpg 225w, https:\/\/www.montendre.se\/wp-content\/uploads\/2019\/06\/IMG_8472-768x1024.jpg 768w, https:\/\/www.montendre.se\/wp-content\/uploads\/2019\/06\/IMG_8472-700x933.jpg 700w, https:\/\/www.montendre.se\/wp-content\/uploads\/2019\/06\/IMG_8472.jpg 960w\" sizes=\"(max-width: 225px) 100vw, 225px\" \/><\/a><\/p>\n<p>Ett mammuttr\u00e4d som vi s\u00e5tt p\u00e5 plats.<a href=\"https:\/\/www.montendre.se\/wp-content\/uploads\/2019\/06\/IMG_8476.jpg\"><img loading=\"lazy\" decoding=\"async\" class=\"aligncenter size-medium wp-image-3856\" src=\"https:\/\/www.montendre.se\/wp-content\/uploads\/2019\/06\/IMG_8476-225x300.jpg\" alt=\"\" width=\"225\" height=\"300\" srcset=\"https:\/\/www.montendre.se\/wp-content\/uploads\/2019\/06\/IMG_8476-225x300.jpg 225w, https:\/\/www.montendre.se\/wp-content\/uploads\/2019\/06\/IMG_8476-768x1024.jpg 768w, https:\/\/www.montendre.se\/wp-content\/uploads\/2019\/06\/IMG_8476-700x933.jpg 700w, https:\/\/www.montendre.se\/wp-content\/uploads\/2019\/06\/IMG_8476.jpg 960w\" sizes=\"(max-width: 225px) 100vw, 225px\" \/><\/a>Och mammuttr\u00e4det som jag tog med mig hemifr\u00e5n. Lite st\u00f6rre men det har ju f\u00e5tt v\u00e4xa upp inomhus.<a href=\"https:\/\/www.montendre.se\/wp-content\/uploads\/2019\/06\/IMG_8473.jpg\"><br \/>\n<img loading=\"lazy\" decoding=\"async\" class=\"aligncenter size-medium wp-image-3855\" src=\"https:\/\/www.montendre.se\/wp-content\/uploads\/2019\/06\/IMG_8473-300x225.jpg\" alt=\"\" width=\"300\" height=\"225\" srcset=\"https:\/\/www.montendre.se\/wp-content\/uploads\/2019\/06\/IMG_8473-300x225.jpg 300w, https:\/\/www.montendre.se\/wp-content\/uploads\/2019\/06\/IMG_8473-768x576.jpg 768w, https:\/\/www.montendre.se\/wp-content\/uploads\/2019\/06\/IMG_8473-1024x768.jpg 1024w, https:\/\/www.montendre.se\/wp-content\/uploads\/2019\/06\/IMG_8473-268x200.jpg 268w, https:\/\/www.montendre.se\/wp-content\/uploads\/2019\/06\/IMG_8473-700x525.jpg 700w, https:\/\/www.montendre.se\/wp-content\/uploads\/2019\/06\/IMG_8473.jpg 1280w\" sizes=\"(max-width: 300px) 100vw, 300px\" \/><\/a><\/p>\n<p>Utplanterade riddarsporrar.<\/p>\n<p><a href=\"https:\/\/www.montendre.se\/wp-content\/uploads\/2019\/06\/IMG_8478.jpg\"><img loading=\"lazy\" decoding=\"async\" class=\"aligncenter size-medium wp-image-3857\" src=\"https:\/\/www.montendre.se\/wp-content\/uploads\/2019\/06\/IMG_8478-300x225.jpg\" alt=\"\" width=\"300\" height=\"225\" srcset=\"https:\/\/www.montendre.se\/wp-content\/uploads\/2019\/06\/IMG_8478-300x225.jpg 300w, https:\/\/www.montendre.se\/wp-content\/uploads\/2019\/06\/IMG_8478-768x576.jpg 768w, https:\/\/www.montendre.se\/wp-content\/uploads\/2019\/06\/IMG_8478-1024x768.jpg 1024w, https:\/\/www.montendre.se\/wp-content\/uploads\/2019\/06\/IMG_8478-268x200.jpg 268w, https:\/\/www.montendre.se\/wp-content\/uploads\/2019\/06\/IMG_8478-700x525.jpg 700w, https:\/\/www.montendre.se\/wp-content\/uploads\/2019\/06\/IMG_8478.jpg 1280w\" sizes=\"(max-width: 300px) 100vw, 300px\" \/><\/a>S\u00e5 h\u00e4r s\u00e5g det ut i &#8221;pallkragen&#8221;. Bukettvioler till h\u00f6ger och &#8221;madeiras stolthet&#8221; till v\u00e4nster.<\/p>\n<p><a href=\"https:\/\/www.montendre.se\/wp-content\/uploads\/2019\/06\/IMG_8479.jpg\"><img loading=\"lazy\" decoding=\"async\" class=\"aligncenter size-medium wp-image-3858\" src=\"https:\/\/www.montendre.se\/wp-content\/uploads\/2019\/06\/IMG_8479-300x225.jpg\" alt=\"\" width=\"300\" height=\"225\" srcset=\"https:\/\/www.montendre.se\/wp-content\/uploads\/2019\/06\/IMG_8479-300x225.jpg 300w, https:\/\/www.montendre.se\/wp-content\/uploads\/2019\/06\/IMG_8479-768x576.jpg 768w, https:\/\/www.montendre.se\/wp-content\/uploads\/2019\/06\/IMG_8479-1024x768.jpg 1024w, https:\/\/www.montendre.se\/wp-content\/uploads\/2019\/06\/IMG_8479-268x200.jpg 268w, https:\/\/www.montendre.se\/wp-content\/uploads\/2019\/06\/IMG_8479-700x525.jpg 700w, https:\/\/www.montendre.se\/wp-content\/uploads\/2019\/06\/IMG_8479.jpg 1280w\" sizes=\"(max-width: 300px) 100vw, 300px\" \/><\/a>Och fackelliljor i pallkragen.<\/p>\n<p><a href=\"https:\/\/www.montendre.se\/wp-content\/uploads\/2019\/06\/IMG_8481.jpg\"><img loading=\"lazy\" decoding=\"async\" class=\"aligncenter size-medium wp-image-3859\" src=\"https:\/\/www.montendre.se\/wp-content\/uploads\/2019\/06\/IMG_8481-300x225.jpg\" alt=\"\" width=\"300\" height=\"225\" srcset=\"https:\/\/www.montendre.se\/wp-content\/uploads\/2019\/06\/IMG_8481-300x225.jpg 300w, https:\/\/www.montendre.se\/wp-content\/uploads\/2019\/06\/IMG_8481-768x576.jpg 768w, https:\/\/www.montendre.se\/wp-content\/uploads\/2019\/06\/IMG_8481-1024x768.jpg 1024w, https:\/\/www.montendre.se\/wp-content\/uploads\/2019\/06\/IMG_8481-268x200.jpg 268w, https:\/\/www.montendre.se\/wp-content\/uploads\/2019\/06\/IMG_8481-700x525.jpg 700w, https:\/\/www.montendre.se\/wp-content\/uploads\/2019\/06\/IMG_8481.jpg 1280w\" sizes=\"(max-width: 300px) 100vw, 300px\" \/><\/a>Bukettviolerna utplanterade i rabatten (fler\u00e5rig v\u00e4xt s\u00e5 det kanske ser b\u00e4ttre ut n\u00e4sta \u00e5r, eller inte&#8230;)<\/p>\n<p><a href=\"https:\/\/www.montendre.se\/wp-content\/uploads\/2019\/06\/IMG_8486.jpg\"><img loading=\"lazy\" decoding=\"async\" class=\"aligncenter size-medium wp-image-3860\" src=\"https:\/\/www.montendre.se\/wp-content\/uploads\/2019\/06\/IMG_8486-225x300.jpg\" alt=\"\" width=\"225\" height=\"300\" srcset=\"https:\/\/www.montendre.se\/wp-content\/uploads\/2019\/06\/IMG_8486-225x300.jpg 225w, https:\/\/www.montendre.se\/wp-content\/uploads\/2019\/06\/IMG_8486-768x1024.jpg 768w, https:\/\/www.montendre.se\/wp-content\/uploads\/2019\/06\/IMG_8486-700x933.jpg 700w, https:\/\/www.montendre.se\/wp-content\/uploads\/2019\/06\/IMG_8486.jpg 960w\" sizes=\"(max-width: 225px) 100vw, 225px\" \/><\/a>Ett enda p\u00e4ron p\u00e5 nya p\u00e4rontr\u00e4det!<\/p>\n<p><a href=\"https:\/\/www.montendre.se\/wp-content\/uploads\/2019\/06\/IMG_8487.jpg\"><img loading=\"lazy\" decoding=\"async\" class=\"aligncenter size-medium wp-image-3861\" src=\"https:\/\/www.montendre.se\/wp-content\/uploads\/2019\/06\/IMG_8487-225x300.jpg\" alt=\"\" width=\"225\" height=\"300\" srcset=\"https:\/\/www.montendre.se\/wp-content\/uploads\/2019\/06\/IMG_8487-225x300.jpg 225w, https:\/\/www.montendre.se\/wp-content\/uploads\/2019\/06\/IMG_8487-768x1024.jpg 768w, https:\/\/www.montendre.se\/wp-content\/uploads\/2019\/06\/IMG_8487-700x933.jpg 700w, https:\/\/www.montendre.se\/wp-content\/uploads\/2019\/06\/IMG_8487.jpg 960w\" sizes=\"(max-width: 225px) 100vw, 225px\" \/><\/a>Och bara tv\u00e5 valn\u00f6tter p\u00e5 valn\u00f6tstr\u00e4det.<\/p>\n<p>Har mest rensat ogr\u00e4s i rabatter och runt tr\u00e4d idag. Lackat golvet i &#8221;mellanrummet&#8221; en f\u00f6rsta g\u00e5ng.<\/p>\n<p>Pizza hemma.<\/p>\n","protected":false},"excerpt":{"rendered":"<p>\u00c5kte tidiga planet s\u00e5 jag var i huset redan kvart \u00f6ver tolv. V\u00e4xlande molnighet, 20-22 grader. Hade med mig n\u00e5gra v\u00e4xter, ett mammuttr\u00e4d, en fackellilja och tv\u00e5 riddarsporre.: Huset s\u00e5g ut som vanligt. Lite vildvuxet i tr\u00e4dg\u00e5rden. Konstig l\u00f6kliknande v\u00e4xt. Ett mammuttr\u00e4d som vi s\u00e5tt p\u00e5 plats.Och mammuttr\u00e4det som jag &#8230;<\/p>\n","protected":false},"author":1,"featured_media":0,"comment_status":"open","ping_status":"open","sticky":false,"template":"","format":"standard","meta":{"jetpack_post_was_ever_published":false,"_jetpack_newsletter_access":"","_jetpack_dont_email_post_to_subs":false,"_jetpack_newsletter_tier_id":0,"footnotes":""},"categories":[60],"tags":[],"jetpack_sharing_enabled":true,"jetpack_featured_media_url":"","_links":{"self":[{"href":"https:\/\/www.montendre.se\/index.php?rest_route=\/wp\/v2\/posts\/3851"}],"collection":[{"href":"https:\/\/www.montendre.se\/index.php?rest_route=\/wp\/v2\/posts"}],"about":[{"href":"https:\/\/www.montendre.se\/index.php?rest_route=\/wp\/v2\/types\/post"}],"author":[{"embeddable":true,"href":"https:\/\/www.montendre.se\/index.php?rest_route=\/wp\/v2\/users\/1"}],"replies":[{"embeddable":true,"href":"https:\/\/www.montendre.se\/index.php?rest_route=%2Fwp%2Fv2%2Fcomments&post=3851"}],"version-history":[{"count":4,"href":"https:\/\/www.montendre.se\/index.php?rest_route=\/wp\/v2\/posts\/3851\/revisions"}],"predecessor-version":[{"id":3865,"href":"https:\/\/www.montendre.se\/index.php?rest_route=\/wp\/v2\/posts\/3851\/revisions\/3865"}],"wp:attachment":[{"href":"https:\/\/www.montendre.se\/index.php?rest_route=%2Fwp%2Fv2%2Fmedia&parent=3851"}],"wp:term":[{"taxonomy":"category","embeddable":true,"href":"https:\/\/www.montendre.se\/index.php?rest_route=%2Fwp%2Fv2%2Fcategories&post=3851"},{"taxonomy":"post_tag","embeddable":true,"href":"https:\/\/www.montendre.se\/index.php?rest_route=%2Fwp%2Fv2%2Ftags&post=3851"}],"curies":[{"name":"wp","href":"https:\/\/api.w.org\/{rel}","templated":true}]}}