{"id":3833,"date":"2019-04-16T20:05:58","date_gmt":"2019-04-16T18:05:58","guid":{"rendered":"https:\/\/www.montendre.se\/?p=3833"},"modified":"2019-04-16T20:05:58","modified_gmt":"2019-04-16T18:05:58","slug":"16-april-2019","status":"publish","type":"post","link":"https:\/\/www.montendre.se\/?p=3833","title":{"rendered":"16 april 2019"},"content":{"rendered":"<p>V\u00e4xlande molnighet p\u00e5 f\u00f6rmiddag, sol p\u00e5 eftermiddagen 19 grader.<\/p>\n<p>Satte upp resten av gipsskivorna i taket i korridoren. Spacklade en f\u00f6rsta g\u00e5ng.<\/p>\n<p><a href=\"https:\/\/www.montendre.se\/wp-content\/uploads\/2019\/04\/IMG_8413.jpg\"><img loading=\"lazy\" decoding=\"async\" class=\"aligncenter size-medium wp-image-3834\" src=\"https:\/\/www.montendre.se\/wp-content\/uploads\/2019\/04\/IMG_8413-300x225.jpg\" alt=\"\" width=\"300\" height=\"225\" srcset=\"https:\/\/www.montendre.se\/wp-content\/uploads\/2019\/04\/IMG_8413-300x225.jpg 300w, https:\/\/www.montendre.se\/wp-content\/uploads\/2019\/04\/IMG_8413-768x576.jpg 768w, https:\/\/www.montendre.se\/wp-content\/uploads\/2019\/04\/IMG_8413-1024x768.jpg 1024w, https:\/\/www.montendre.se\/wp-content\/uploads\/2019\/04\/IMG_8413-268x200.jpg 268w, https:\/\/www.montendre.se\/wp-content\/uploads\/2019\/04\/IMG_8413-700x525.jpg 700w, https:\/\/www.montendre.se\/wp-content\/uploads\/2019\/04\/IMG_8413.jpg 1280w\" sizes=\"(max-width: 300px) 100vw, 300px\" \/><\/a><\/p>\n<p>Fixat i tr\u00e4dg\u00e5rden p\u00e5 eftermiddagen. Klippt h\u00e4cken mm.<\/p>\n<p>Middag hemma. Vit sparris fr\u00e5n grannbyn Blaye till f\u00f6rr\u00e4tt.<\/p>\n<p><a href=\"https:\/\/www.montendre.se\/wp-content\/uploads\/2019\/04\/IMG_8418.jpg\"><img loading=\"lazy\" decoding=\"async\" class=\"aligncenter size-medium wp-image-3835\" src=\"https:\/\/www.montendre.se\/wp-content\/uploads\/2019\/04\/IMG_8418-225x300.jpg\" alt=\"\" width=\"225\" height=\"300\" srcset=\"https:\/\/www.montendre.se\/wp-content\/uploads\/2019\/04\/IMG_8418-225x300.jpg 225w, https:\/\/www.montendre.se\/wp-content\/uploads\/2019\/04\/IMG_8418-768x1024.jpg 768w, https:\/\/www.montendre.se\/wp-content\/uploads\/2019\/04\/IMG_8418-700x933.jpg 700w, https:\/\/www.montendre.se\/wp-content\/uploads\/2019\/04\/IMG_8418.jpg 960w\" sizes=\"(max-width: 225px) 100vw, 225px\" \/><\/a><\/p>\n","protected":false},"excerpt":{"rendered":"<p>V\u00e4xlande molnighet p\u00e5 f\u00f6rmiddag, sol p\u00e5 eftermiddagen 19 grader. Satte upp resten av gipsskivorna i taket i korridoren. Spacklade en f\u00f6rsta g\u00e5ng. Fixat i tr\u00e4dg\u00e5rden p\u00e5 eftermiddagen. Klippt h\u00e4cken mm. Middag hemma. Vit sparris fr\u00e5n grannbyn Blaye till f\u00f6rr\u00e4tt.<\/p>\n","protected":false},"author":1,"featured_media":0,"comment_status":"open","ping_status":"open","sticky":false,"template":"","format":"standard","meta":{"jetpack_post_was_ever_published":false,"_jetpack_newsletter_access":"","_jetpack_dont_email_post_to_subs":false,"_jetpack_newsletter_tier_id":0,"footnotes":""},"categories":[59],"tags":[],"jetpack_sharing_enabled":true,"jetpack_featured_media_url":"","_links":{"self":[{"href":"https:\/\/www.montendre.se\/index.php?rest_route=\/wp\/v2\/posts\/3833"}],"collection":[{"href":"https:\/\/www.montendre.se\/index.php?rest_route=\/wp\/v2\/posts"}],"about":[{"href":"https:\/\/www.montendre.se\/index.php?rest_route=\/wp\/v2\/types\/post"}],"author":[{"embeddable":true,"href":"https:\/\/www.montendre.se\/index.php?rest_route=\/wp\/v2\/users\/1"}],"replies":[{"embeddable":true,"href":"https:\/\/www.montendre.se\/index.php?rest_route=%2Fwp%2Fv2%2Fcomments&post=3833"}],"version-history":[{"count":1,"href":"https:\/\/www.montendre.se\/index.php?rest_route=\/wp\/v2\/posts\/3833\/revisions"}],"predecessor-version":[{"id":3836,"href":"https:\/\/www.montendre.se\/index.php?rest_route=\/wp\/v2\/posts\/3833\/revisions\/3836"}],"wp:attachment":[{"href":"https:\/\/www.montendre.se\/index.php?rest_route=%2Fwp%2Fv2%2Fmedia&parent=3833"}],"wp:term":[{"taxonomy":"category","embeddable":true,"href":"https:\/\/www.montendre.se\/index.php?rest_route=%2Fwp%2Fv2%2Fcategories&post=3833"},{"taxonomy":"post_tag","embeddable":true,"href":"https:\/\/www.montendre.se\/index.php?rest_route=%2Fwp%2Fv2%2Ftags&post=3833"}],"curies":[{"name":"wp","href":"https:\/\/api.w.org\/{rel}","templated":true}]}}