{"id":382,"date":"2013-04-01T11:08:48","date_gmt":"2013-04-01T09:08:48","guid":{"rendered":"http:\/\/www.montendre.se\/?p=382"},"modified":"2013-07-17T14:52:14","modified_gmt":"2013-07-17T12:52:14","slug":"31-mars-2013","status":"publish","type":"post","link":"https:\/\/www.montendre.se\/?p=382","title":{"rendered":"31 Mars 2013"},"content":{"rendered":"<p>K\u00f6pte lite jord och gr\u00e4sfr\u00f6 p\u00e5 f\u00f6rmiddagen och har planterat alla gr\u00f6nsaker nu.<\/p>\n<p><a href=\"http:\/\/www.montendre.se\/wp-content\/uploads\/2013\/03\/IMG_2502.jpg\"><img loading=\"lazy\" decoding=\"async\" class=\"aligncenter size-medium wp-image-384\" title=\"IMG_2502\" src=\"http:\/\/www.montendre.se\/wp-content\/uploads\/2013\/03\/IMG_2502-300x225.jpg\" alt=\"\" width=\"300\" height=\"225\" srcset=\"https:\/\/www.montendre.se\/wp-content\/uploads\/2013\/03\/IMG_2502-300x225.jpg 300w, https:\/\/www.montendre.se\/wp-content\/uploads\/2013\/03\/IMG_2502-268x200.jpg 268w, https:\/\/www.montendre.se\/wp-content\/uploads\/2013\/03\/IMG_2502.jpg 640w\" sizes=\"(max-width: 300px) 100vw, 300px\" \/><\/a><a href=\"http:\/\/www.montendre.se\/wp-content\/uploads\/2013\/03\/IMG_2503.jpg\"><img loading=\"lazy\" decoding=\"async\" class=\"aligncenter size-medium wp-image-390\" title=\"IMG_2503\" src=\"http:\/\/www.montendre.se\/wp-content\/uploads\/2013\/03\/IMG_2503-300x225.jpg\" alt=\"\" width=\"300\" height=\"225\" srcset=\"https:\/\/www.montendre.se\/wp-content\/uploads\/2013\/03\/IMG_2503-300x225.jpg 300w, https:\/\/www.montendre.se\/wp-content\/uploads\/2013\/03\/IMG_2503-1024x768.jpg 1024w, https:\/\/www.montendre.se\/wp-content\/uploads\/2013\/03\/IMG_2503-268x200.jpg 268w, https:\/\/www.montendre.se\/wp-content\/uploads\/2013\/03\/IMG_2503-700x525.jpg 700w\" sizes=\"(max-width: 300px) 100vw, 300px\" \/><\/a><\/p>\n<p>I morgon ska vi t\u00e4cka \u00f6ver dem med plast. Georges och Lucette ska vara bortresta en vecka s\u00e5 de kan inte vakta plantorna mot eventuell frost.<\/p>\n<p>Spacklat lite i hallen.<\/p>\n<p>Har \u00e4ven planterat lite gr\u00e4s vid v\u00e4ggen mot sporthallen. D\u00e4r har det mest v\u00e4xt br\u00e4nn\u00e4sslor och murgr\u00f6na s\u00e5 vi f\u00e5r v\u00e4l se om det lyckas med gr\u00e4s.<\/p>\n<p><a href=\"http:\/\/www.montendre.se\/wp-content\/uploads\/2013\/03\/IMG_2504.jpg\"><img loading=\"lazy\" decoding=\"async\" class=\"aligncenter size-medium wp-image-391\" title=\"IMG_2504\" src=\"http:\/\/www.montendre.se\/wp-content\/uploads\/2013\/03\/IMG_2504-300x225.jpg\" alt=\"\" width=\"300\" height=\"225\" srcset=\"https:\/\/www.montendre.se\/wp-content\/uploads\/2013\/03\/IMG_2504-300x225.jpg 300w, https:\/\/www.montendre.se\/wp-content\/uploads\/2013\/03\/IMG_2504-268x200.jpg 268w, https:\/\/www.montendre.se\/wp-content\/uploads\/2013\/03\/IMG_2504.jpg 640w\" sizes=\"(max-width: 300px) 100vw, 300px\" \/><\/a><\/p>\n<p>Bj\u00f6d \u00f6ver Georges och Lucette p\u00e5 en aperitif p\u00e5 kv\u00e4llen.<\/p>\n<p>Varit lite kyligare idag. Sol p\u00e5 eftermiddagen och d\u00e5 klev nog temperaturen upp till 18 grader.<\/p>\n","protected":false},"excerpt":{"rendered":"<p>K\u00f6pte lite jord och gr\u00e4sfr\u00f6 p\u00e5 f\u00f6rmiddagen och har planterat alla gr\u00f6nsaker nu. I morgon ska vi t\u00e4cka \u00f6ver dem med plast. Georges och Lucette ska vara bortresta en vecka s\u00e5 de kan inte vakta plantorna mot eventuell frost. Spacklat lite i hallen. Har \u00e4ven planterat lite gr\u00e4s vid v\u00e4ggen &#8230;<\/p>\n","protected":false},"author":1,"featured_media":0,"comment_status":"open","ping_status":"open","sticky":false,"template":"","format":"standard","meta":{"jetpack_post_was_ever_published":false,"_jetpack_newsletter_access":"","_jetpack_dont_email_post_to_subs":false,"_jetpack_newsletter_tier_id":0,"footnotes":""},"categories":[7],"tags":[],"jetpack_sharing_enabled":true,"jetpack_featured_media_url":"","_links":{"self":[{"href":"https:\/\/www.montendre.se\/index.php?rest_route=\/wp\/v2\/posts\/382"}],"collection":[{"href":"https:\/\/www.montendre.se\/index.php?rest_route=\/wp\/v2\/posts"}],"about":[{"href":"https:\/\/www.montendre.se\/index.php?rest_route=\/wp\/v2\/types\/post"}],"author":[{"embeddable":true,"href":"https:\/\/www.montendre.se\/index.php?rest_route=\/wp\/v2\/users\/1"}],"replies":[{"embeddable":true,"href":"https:\/\/www.montendre.se\/index.php?rest_route=%2Fwp%2Fv2%2Fcomments&post=382"}],"version-history":[{"count":7,"href":"https:\/\/www.montendre.se\/index.php?rest_route=\/wp\/v2\/posts\/382\/revisions"}],"predecessor-version":[{"id":599,"href":"https:\/\/www.montendre.se\/index.php?rest_route=\/wp\/v2\/posts\/382\/revisions\/599"}],"wp:attachment":[{"href":"https:\/\/www.montendre.se\/index.php?rest_route=%2Fwp%2Fv2%2Fmedia&parent=382"}],"wp:term":[{"taxonomy":"category","embeddable":true,"href":"https:\/\/www.montendre.se\/index.php?rest_route=%2Fwp%2Fv2%2Fcategories&post=382"},{"taxonomy":"post_tag","embeddable":true,"href":"https:\/\/www.montendre.se\/index.php?rest_route=%2Fwp%2Fv2%2Ftags&post=382"}],"curies":[{"name":"wp","href":"https:\/\/api.w.org\/{rel}","templated":true}]}}