{"id":3811,"date":"2019-04-12T19:58:56","date_gmt":"2019-04-12T17:58:56","guid":{"rendered":"https:\/\/www.montendre.se\/?p=3811"},"modified":"2019-04-12T22:24:46","modified_gmt":"2019-04-12T20:24:46","slug":"12-april-2019","status":"publish","type":"post","link":"https:\/\/www.montendre.se\/?p=3811","title":{"rendered":"12 april 2019"},"content":{"rendered":"<p>Soligt hela dagen. Lite kall vind men 16 grader p\u00e5 eftermiddagen.<\/p>\n<p>Satt upp och m\u00e5lat taklister i mellanrummet.<\/p>\n<p>F\u00f6rra resan g\u00f6dslade jag en del av gr\u00e4smattan och jag tycker den ser b\u00e4ttre ut \u00e4n omgivande gr\u00e4smatta s\u00e5 idag k\u00f6pte jag mer g\u00f6dsel och spred ut p\u00e5 flera delar av gr\u00e4smattan.<\/p>\n<p>Planterat ut v\u00e4xterna jag hade med mig och fixat bevattning till dem.\u00a0Rensat lite ogr\u00e4s p\u00e5 framsidan.<\/p>\n<p>H\u00e4lsat p\u00e5 nya grannarna mitt emot (Georges och Lucettes hus). Ungt par med tv\u00e5 barn.<\/p>\n<p>\u00c5rets sparris, tunnare \u00e4n n\u00e5gonsin.<a href=\"https:\/\/www.montendre.se\/wp-content\/uploads\/2019\/04\/IMG_8382.jpg\"><img loading=\"lazy\" decoding=\"async\" class=\"aligncenter size-medium wp-image-3813\" src=\"https:\/\/www.montendre.se\/wp-content\/uploads\/2019\/04\/IMG_8382-225x300.jpg\" alt=\"\" width=\"225\" height=\"300\" srcset=\"https:\/\/www.montendre.se\/wp-content\/uploads\/2019\/04\/IMG_8382-225x300.jpg 225w, https:\/\/www.montendre.se\/wp-content\/uploads\/2019\/04\/IMG_8382-768x1024.jpg 768w, https:\/\/www.montendre.se\/wp-content\/uploads\/2019\/04\/IMG_8382-700x933.jpg 700w, https:\/\/www.montendre.se\/wp-content\/uploads\/2019\/04\/IMG_8382.jpg 960w\" sizes=\"(max-width: 225px) 100vw, 225px\" \/><\/a><a href=\"https:\/\/www.montendre.se\/wp-content\/uploads\/2019\/04\/IMG_8384.jpg\"><br \/>\nF<\/a>lormyrtentr\u00e4det som jag beskar r\u00e4tt h\u00e5rt i vintras och som jag var lite orolig f\u00f6r att jag hade beskurit f\u00f6r h\u00e5rt verkar ha klarat sig. Nu ska det v\u00e4l blomma i alla fall. Det \u00e4r ett tr\u00e4d som kr\u00e4ver klippning f\u00f6r att blomma.<\/p>\n<p><a href=\"https:\/\/www.montendre.se\/wp-content\/uploads\/2019\/04\/IMG_8384.jpg\"><img loading=\"lazy\" decoding=\"async\" class=\"aligncenter size-medium wp-image-3814\" src=\"https:\/\/www.montendre.se\/wp-content\/uploads\/2019\/04\/IMG_8384-225x300.jpg\" alt=\"\" width=\"225\" height=\"300\" srcset=\"https:\/\/www.montendre.se\/wp-content\/uploads\/2019\/04\/IMG_8384-225x300.jpg 225w, https:\/\/www.montendre.se\/wp-content\/uploads\/2019\/04\/IMG_8384-768x1024.jpg 768w, https:\/\/www.montendre.se\/wp-content\/uploads\/2019\/04\/IMG_8384-700x933.jpg 700w, https:\/\/www.montendre.se\/wp-content\/uploads\/2019\/04\/IMG_8384.jpg 960w\" sizes=\"(max-width: 225px) 100vw, 225px\" \/><\/a><\/p>\n<p>Och v\u00e5rt minimala \u00e4ppeltr\u00e4d (1 m h\u00f6gt) blommar f\u00f6r fullt som vanligt.<\/p>\n<p><a href=\"https:\/\/www.montendre.se\/wp-content\/uploads\/2019\/04\/IMG_8386.jpg\"><img loading=\"lazy\" decoding=\"async\" class=\"aligncenter size-medium wp-image-3815\" src=\"https:\/\/www.montendre.se\/wp-content\/uploads\/2019\/04\/IMG_8386-225x300.jpg\" alt=\"\" width=\"225\" height=\"300\" srcset=\"https:\/\/www.montendre.se\/wp-content\/uploads\/2019\/04\/IMG_8386-225x300.jpg 225w, https:\/\/www.montendre.se\/wp-content\/uploads\/2019\/04\/IMG_8386-768x1024.jpg 768w, https:\/\/www.montendre.se\/wp-content\/uploads\/2019\/04\/IMG_8386-700x933.jpg 700w, https:\/\/www.montendre.se\/wp-content\/uploads\/2019\/04\/IMG_8386.jpg 960w\" sizes=\"(max-width: 225px) 100vw, 225px\" \/><\/a>Jag planterade tv\u00e5 klockor f\u00f6rra \u00e5ret och en har klarat sig i alla fall, en mj\u00f6lkklocka.<\/p>\n<p><a href=\"https:\/\/www.montendre.se\/wp-content\/uploads\/2019\/04\/IMG_8390.jpg\"><img loading=\"lazy\" decoding=\"async\" class=\"aligncenter size-medium wp-image-3816\" src=\"https:\/\/www.montendre.se\/wp-content\/uploads\/2019\/04\/IMG_8390-225x300.jpg\" alt=\"\" width=\"225\" height=\"300\" srcset=\"https:\/\/www.montendre.se\/wp-content\/uploads\/2019\/04\/IMG_8390-225x300.jpg 225w, https:\/\/www.montendre.se\/wp-content\/uploads\/2019\/04\/IMG_8390-768x1024.jpg 768w, https:\/\/www.montendre.se\/wp-content\/uploads\/2019\/04\/IMG_8390-700x933.jpg 700w, https:\/\/www.montendre.se\/wp-content\/uploads\/2019\/04\/IMG_8390.jpg 960w\" sizes=\"(max-width: 225px) 100vw, 225px\" \/><\/a>Vi planterade fresia f\u00f6rra v\u00e5ren. F\u00f6rra \u00e5ret blev det inga blommor men i \u00e5r blir det i alla fall n\u00e5gra blommor, men de \u00e4r erbarmligt tunna och g\u00e4ngliga s\u00e5 halva v\u00e4xten ligger p\u00e5 marken.<br \/>\n<a href=\"https:\/\/www.montendre.se\/wp-content\/uploads\/2019\/04\/IMG_8395.jpg\"><img loading=\"lazy\" decoding=\"async\" class=\"aligncenter size-medium wp-image-3817\" src=\"https:\/\/www.montendre.se\/wp-content\/uploads\/2019\/04\/IMG_8395-225x300.jpg\" alt=\"\" width=\"225\" height=\"300\" srcset=\"https:\/\/www.montendre.se\/wp-content\/uploads\/2019\/04\/IMG_8395-225x300.jpg 225w, https:\/\/www.montendre.se\/wp-content\/uploads\/2019\/04\/IMG_8395-768x1024.jpg 768w, https:\/\/www.montendre.se\/wp-content\/uploads\/2019\/04\/IMG_8395-700x933.jpg 700w, https:\/\/www.montendre.se\/wp-content\/uploads\/2019\/04\/IMG_8395.jpg 960w\" sizes=\"(max-width: 225px) 100vw, 225px\" \/><\/a>Och den &#8221;falska akacian&#8221; \u00e4r ju v\u00e4ldigt gul och fluffig.<\/p>\n<p><a href=\"https:\/\/www.montendre.se\/wp-content\/uploads\/2019\/04\/IMG_8392.jpg\"><img loading=\"lazy\" decoding=\"async\" class=\"aligncenter size-medium wp-image-3818\" src=\"https:\/\/www.montendre.se\/wp-content\/uploads\/2019\/04\/IMG_8392-225x300.jpg\" alt=\"\" width=\"225\" height=\"300\" srcset=\"https:\/\/www.montendre.se\/wp-content\/uploads\/2019\/04\/IMG_8392-225x300.jpg 225w, https:\/\/www.montendre.se\/wp-content\/uploads\/2019\/04\/IMG_8392-768x1024.jpg 768w, https:\/\/www.montendre.se\/wp-content\/uploads\/2019\/04\/IMG_8392-700x933.jpg 700w, https:\/\/www.montendre.se\/wp-content\/uploads\/2019\/04\/IMG_8392.jpg 960w\" sizes=\"(max-width: 225px) 100vw, 225px\" \/><\/a>Middag hemma.<\/p>\n","protected":false},"excerpt":{"rendered":"<p>Soligt hela dagen. Lite kall vind men 16 grader p\u00e5 eftermiddagen. Satt upp och m\u00e5lat taklister i mellanrummet. F\u00f6rra resan g\u00f6dslade jag en del av gr\u00e4smattan och jag tycker den ser b\u00e4ttre ut \u00e4n omgivande gr\u00e4smatta s\u00e5 idag k\u00f6pte jag mer g\u00f6dsel och spred ut p\u00e5 flera delar av gr\u00e4smattan. &#8230;<\/p>\n","protected":false},"author":1,"featured_media":0,"comment_status":"open","ping_status":"open","sticky":false,"template":"","format":"standard","meta":{"jetpack_post_was_ever_published":false,"_jetpack_newsletter_access":"","_jetpack_dont_email_post_to_subs":false,"_jetpack_newsletter_tier_id":0,"footnotes":""},"categories":[59],"tags":[],"jetpack_sharing_enabled":true,"jetpack_featured_media_url":"","_links":{"self":[{"href":"https:\/\/www.montendre.se\/index.php?rest_route=\/wp\/v2\/posts\/3811"}],"collection":[{"href":"https:\/\/www.montendre.se\/index.php?rest_route=\/wp\/v2\/posts"}],"about":[{"href":"https:\/\/www.montendre.se\/index.php?rest_route=\/wp\/v2\/types\/post"}],"author":[{"embeddable":true,"href":"https:\/\/www.montendre.se\/index.php?rest_route=\/wp\/v2\/users\/1"}],"replies":[{"embeddable":true,"href":"https:\/\/www.montendre.se\/index.php?rest_route=%2Fwp%2Fv2%2Fcomments&post=3811"}],"version-history":[{"count":3,"href":"https:\/\/www.montendre.se\/index.php?rest_route=\/wp\/v2\/posts\/3811\/revisions"}],"predecessor-version":[{"id":3820,"href":"https:\/\/www.montendre.se\/index.php?rest_route=\/wp\/v2\/posts\/3811\/revisions\/3820"}],"wp:attachment":[{"href":"https:\/\/www.montendre.se\/index.php?rest_route=%2Fwp%2Fv2%2Fmedia&parent=3811"}],"wp:term":[{"taxonomy":"category","embeddable":true,"href":"https:\/\/www.montendre.se\/index.php?rest_route=%2Fwp%2Fv2%2Fcategories&post=3811"},{"taxonomy":"post_tag","embeddable":true,"href":"https:\/\/www.montendre.se\/index.php?rest_route=%2Fwp%2Fv2%2Ftags&post=3811"}],"curies":[{"name":"wp","href":"https:\/\/api.w.org\/{rel}","templated":true}]}}