{"id":3807,"date":"2019-04-11T23:10:20","date_gmt":"2019-04-11T21:10:20","guid":{"rendered":"https:\/\/www.montendre.se\/?p=3807"},"modified":"2019-04-11T23:10:20","modified_gmt":"2019-04-11T21:10:20","slug":"11-april-2019","status":"publish","type":"post","link":"https:\/\/www.montendre.se\/?p=3807","title":{"rendered":"11 april 2019"},"content":{"rendered":"<p>Packade plantor p\u00e5 morgonen. Tv\u00e5 mammuttr\u00e4d, fyra fackelliljor och resten Madeiras stolthet.<\/p>\n<p><a href=\"https:\/\/www.montendre.se\/wp-content\/uploads\/2019\/04\/IMG_8371.jpg\"><img loading=\"lazy\" decoding=\"async\" class=\"aligncenter size-medium wp-image-3808\" src=\"https:\/\/www.montendre.se\/wp-content\/uploads\/2019\/04\/IMG_8371-300x225.jpg\" alt=\"\" width=\"300\" height=\"225\" srcset=\"https:\/\/www.montendre.se\/wp-content\/uploads\/2019\/04\/IMG_8371-300x225.jpg 300w, https:\/\/www.montendre.se\/wp-content\/uploads\/2019\/04\/IMG_8371-768x576.jpg 768w, https:\/\/www.montendre.se\/wp-content\/uploads\/2019\/04\/IMG_8371-1024x768.jpg 1024w, https:\/\/www.montendre.se\/wp-content\/uploads\/2019\/04\/IMG_8371-268x200.jpg 268w, https:\/\/www.montendre.se\/wp-content\/uploads\/2019\/04\/IMG_8371-700x525.jpg 700w, https:\/\/www.montendre.se\/wp-content\/uploads\/2019\/04\/IMG_8371.jpg 1280w\" sizes=\"(max-width: 300px) 100vw, 300px\" \/><\/a>Kom ner vid sextiden. 17 grader och lite sol i Bordeaux. Lite k\u00f6er, handlade frukostmat i Saint Eulalie. Sedan pizza hemma.<\/p>\n<p>V\u00e4ldigt frodigt i tr\u00e4dg\u00e5rden. Ser ut som alla tr\u00e4d klarade torkan f\u00f6rra sommaren. Aprikostr\u00e4det ser lite sjukt ut dock. Ska spraya det med Bordeauxv\u00e4tska s\u00e5 kanske det blir bra.<\/p>\n<p><a href=\"https:\/\/www.montendre.se\/wp-content\/uploads\/2019\/04\/IMG_8374.jpg\"><img loading=\"lazy\" decoding=\"async\" class=\"aligncenter size-medium wp-image-3809\" src=\"https:\/\/www.montendre.se\/wp-content\/uploads\/2019\/04\/IMG_8374-225x300.jpg\" alt=\"\" width=\"225\" height=\"300\" srcset=\"https:\/\/www.montendre.se\/wp-content\/uploads\/2019\/04\/IMG_8374-225x300.jpg 225w, https:\/\/www.montendre.se\/wp-content\/uploads\/2019\/04\/IMG_8374-768x1024.jpg 768w, https:\/\/www.montendre.se\/wp-content\/uploads\/2019\/04\/IMG_8374-700x933.jpg 700w, https:\/\/www.montendre.se\/wp-content\/uploads\/2019\/04\/IMG_8374.jpg 960w\" sizes=\"(max-width: 225px) 100vw, 225px\" \/><\/a>Man ser var jag rensade ogr\u00e4s i rabatten senast&#8230;<\/p>\n","protected":false},"excerpt":{"rendered":"<p>Packade plantor p\u00e5 morgonen. Tv\u00e5 mammuttr\u00e4d, fyra fackelliljor och resten Madeiras stolthet. Kom ner vid sextiden. 17 grader och lite sol i Bordeaux. Lite k\u00f6er, handlade frukostmat i Saint Eulalie. Sedan pizza hemma. V\u00e4ldigt frodigt i tr\u00e4dg\u00e5rden. Ser ut som alla tr\u00e4d klarade torkan f\u00f6rra sommaren. Aprikostr\u00e4det ser lite sjukt &#8230;<\/p>\n","protected":false},"author":1,"featured_media":0,"comment_status":"open","ping_status":"open","sticky":false,"template":"","format":"standard","meta":{"jetpack_post_was_ever_published":false,"_jetpack_newsletter_access":"","_jetpack_dont_email_post_to_subs":false,"_jetpack_newsletter_tier_id":0,"footnotes":""},"categories":[59],"tags":[],"jetpack_sharing_enabled":true,"jetpack_featured_media_url":"","_links":{"self":[{"href":"https:\/\/www.montendre.se\/index.php?rest_route=\/wp\/v2\/posts\/3807"}],"collection":[{"href":"https:\/\/www.montendre.se\/index.php?rest_route=\/wp\/v2\/posts"}],"about":[{"href":"https:\/\/www.montendre.se\/index.php?rest_route=\/wp\/v2\/types\/post"}],"author":[{"embeddable":true,"href":"https:\/\/www.montendre.se\/index.php?rest_route=\/wp\/v2\/users\/1"}],"replies":[{"embeddable":true,"href":"https:\/\/www.montendre.se\/index.php?rest_route=%2Fwp%2Fv2%2Fcomments&post=3807"}],"version-history":[{"count":1,"href":"https:\/\/www.montendre.se\/index.php?rest_route=\/wp\/v2\/posts\/3807\/revisions"}],"predecessor-version":[{"id":3810,"href":"https:\/\/www.montendre.se\/index.php?rest_route=\/wp\/v2\/posts\/3807\/revisions\/3810"}],"wp:attachment":[{"href":"https:\/\/www.montendre.se\/index.php?rest_route=%2Fwp%2Fv2%2Fmedia&parent=3807"}],"wp:term":[{"taxonomy":"category","embeddable":true,"href":"https:\/\/www.montendre.se\/index.php?rest_route=%2Fwp%2Fv2%2Fcategories&post=3807"},{"taxonomy":"post_tag","embeddable":true,"href":"https:\/\/www.montendre.se\/index.php?rest_route=%2Fwp%2Fv2%2Ftags&post=3807"}],"curies":[{"name":"wp","href":"https:\/\/api.w.org\/{rel}","templated":true}]}}