{"id":3778,"date":"2019-02-27T19:50:01","date_gmt":"2019-02-27T18:50:01","guid":{"rendered":"https:\/\/www.montendre.se\/?p=3778"},"modified":"2019-02-27T19:55:02","modified_gmt":"2019-02-27T18:55:02","slug":"27-februari-2019","status":"publish","type":"post","link":"https:\/\/www.montendre.se\/?p=3778","title":{"rendered":"27 februari 2019"},"content":{"rendered":"<p>Sjukt varmt idag igen, 26,4 grader p\u00e5 em. Soligt hela dagen.<\/p>\n<p>Har fixat lite mer med plantorna, nu \u00e4r alla planterade i pallkragen.<\/p>\n<p>Kom ett str\u00e4ck med flyttf\u00e5glar p\u00e5 v\u00e4g norrut. Tyckte det l\u00e4t som g\u00e4ss? Flyttar g\u00e4ss? P\u00e5 bilden \u00e4r det grannens plommontr\u00e4d och s\u00e5 ett litet bi under f\u00e5gelstr\u00e4cket som \u00e4r p\u00e5 v\u00e4g till tr\u00e4det. Ganska m\u00e5nga bin h\u00e4r som tur \u00e4r.<\/p>\n<p><a href=\"https:\/\/www.montendre.se\/wp-content\/uploads\/2019\/02\/IMG_8325.jpg\"><img loading=\"lazy\" decoding=\"async\" class=\"aligncenter size-medium wp-image-3781\" src=\"https:\/\/www.montendre.se\/wp-content\/uploads\/2019\/02\/IMG_8325-288x300.jpg\" alt=\"\" width=\"288\" height=\"300\" srcset=\"https:\/\/www.montendre.se\/wp-content\/uploads\/2019\/02\/IMG_8325-288x300.jpg 288w, https:\/\/www.montendre.se\/wp-content\/uploads\/2019\/02\/IMG_8325-768x800.jpg 768w, https:\/\/www.montendre.se\/wp-content\/uploads\/2019\/02\/IMG_8325-983x1024.jpg 983w, https:\/\/www.montendre.se\/wp-content\/uploads\/2019\/02\/IMG_8325-700x729.jpg 700w, https:\/\/www.montendre.se\/wp-content\/uploads\/2019\/02\/IMG_8325.jpg 1229w\" sizes=\"(max-width: 288px) 100vw, 288px\" \/><\/a><\/p>\n<p>Klippt frukttr\u00e4d. Det sj\u00e4lvs\u00e5dda k\u00f6rsb\u00e4rsplommontr\u00e4det blommar f\u00f6r fullt.<a href=\"https:\/\/www.montendre.se\/wp-content\/uploads\/2019\/02\/IMG_8327.jpg\"><img loading=\"lazy\" decoding=\"async\" class=\"aligncenter size-medium wp-image-3779\" src=\"https:\/\/www.montendre.se\/wp-content\/uploads\/2019\/02\/IMG_8327-225x300.jpg\" alt=\"\" width=\"225\" height=\"300\" srcset=\"https:\/\/www.montendre.se\/wp-content\/uploads\/2019\/02\/IMG_8327-225x300.jpg 225w, https:\/\/www.montendre.se\/wp-content\/uploads\/2019\/02\/IMG_8327-768x1024.jpg 768w, https:\/\/www.montendre.se\/wp-content\/uploads\/2019\/02\/IMG_8327-700x933.jpg 700w, https:\/\/www.montendre.se\/wp-content\/uploads\/2019\/02\/IMG_8327.jpg 960w\" sizes=\"(max-width: 225px) 100vw, 225px\" \/><\/a><\/p>\n<p>I &#8221;g\u00e5ngen&#8221; ner till grannen blommar det f\u00f6r fullt ocks\u00e5. Rensar man lite ogr\u00e4s kommer det se v\u00e4ldigt prydligt ut.<\/p>\n<p><a href=\"https:\/\/www.montendre.se\/wp-content\/uploads\/2019\/02\/IMG_8328.jpg\"><img loading=\"lazy\" decoding=\"async\" class=\"aligncenter size-medium wp-image-3780\" src=\"https:\/\/www.montendre.se\/wp-content\/uploads\/2019\/02\/IMG_8328-225x300.jpg\" alt=\"\" width=\"225\" height=\"300\" srcset=\"https:\/\/www.montendre.se\/wp-content\/uploads\/2019\/02\/IMG_8328-225x300.jpg 225w, https:\/\/www.montendre.se\/wp-content\/uploads\/2019\/02\/IMG_8328-768x1024.jpg 768w, https:\/\/www.montendre.se\/wp-content\/uploads\/2019\/02\/IMG_8328-700x933.jpg 700w, https:\/\/www.montendre.se\/wp-content\/uploads\/2019\/02\/IMG_8328.jpg 960w\" sizes=\"(max-width: 225px) 100vw, 225px\" \/><\/a><\/p>\n<p>Rensat ogr\u00e4s p\u00e5 framsidan. Fick bes\u00f6k av polisen n\u00e4r jag l\u00e5g i rabatten p\u00e5 framsidan. De gick runt och knackade d\u00f6rr (ungef\u00e4r som i en brittisk kriminalserie) efter &#8221;klotter-attacken&#8221; som var helgen f\u00f6r knappt tv\u00e5 veckor sedan. Natten mellan fredag och l\u00f6rdag hade en massa hus, d\u00f6rrar, f\u00f6nsterluckor och bilar blivit nedklottrade med rasistiska och antisemitiska slagord. Enligt grannen \u00e4r st\u00e4mningen i byn v\u00e4ldigt sp\u00e4nd just nu. Tv\u00e5 grannar hade f\u00e5tt klotter p\u00e5 staket och f\u00f6nsterluckor. V\u00e5rt hus klarade sig.<\/p>\n<p>Middag p\u00e5 baren.<\/p>\n","protected":false},"excerpt":{"rendered":"<p>Sjukt varmt idag igen, 26,4 grader p\u00e5 em. Soligt hela dagen. Har fixat lite mer med plantorna, nu \u00e4r alla planterade i pallkragen. Kom ett str\u00e4ck med flyttf\u00e5glar p\u00e5 v\u00e4g norrut. Tyckte det l\u00e4t som g\u00e4ss? Flyttar g\u00e4ss? P\u00e5 bilden \u00e4r det grannens plommontr\u00e4d och s\u00e5 ett litet bi under &#8230;<\/p>\n","protected":false},"author":1,"featured_media":0,"comment_status":"open","ping_status":"open","sticky":false,"template":"","format":"standard","meta":{"jetpack_post_was_ever_published":false,"_jetpack_newsletter_access":"","_jetpack_dont_email_post_to_subs":false,"_jetpack_newsletter_tier_id":0,"footnotes":""},"categories":[58],"tags":[],"jetpack_sharing_enabled":true,"jetpack_featured_media_url":"","_links":{"self":[{"href":"https:\/\/www.montendre.se\/index.php?rest_route=\/wp\/v2\/posts\/3778"}],"collection":[{"href":"https:\/\/www.montendre.se\/index.php?rest_route=\/wp\/v2\/posts"}],"about":[{"href":"https:\/\/www.montendre.se\/index.php?rest_route=\/wp\/v2\/types\/post"}],"author":[{"embeddable":true,"href":"https:\/\/www.montendre.se\/index.php?rest_route=\/wp\/v2\/users\/1"}],"replies":[{"embeddable":true,"href":"https:\/\/www.montendre.se\/index.php?rest_route=%2Fwp%2Fv2%2Fcomments&post=3778"}],"version-history":[{"count":8,"href":"https:\/\/www.montendre.se\/index.php?rest_route=\/wp\/v2\/posts\/3778\/revisions"}],"predecessor-version":[{"id":3789,"href":"https:\/\/www.montendre.se\/index.php?rest_route=\/wp\/v2\/posts\/3778\/revisions\/3789"}],"wp:attachment":[{"href":"https:\/\/www.montendre.se\/index.php?rest_route=%2Fwp%2Fv2%2Fmedia&parent=3778"}],"wp:term":[{"taxonomy":"category","embeddable":true,"href":"https:\/\/www.montendre.se\/index.php?rest_route=%2Fwp%2Fv2%2Fcategories&post=3778"},{"taxonomy":"post_tag","embeddable":true,"href":"https:\/\/www.montendre.se\/index.php?rest_route=%2Fwp%2Fv2%2Ftags&post=3778"}],"curies":[{"name":"wp","href":"https:\/\/api.w.org\/{rel}","templated":true}]}}