{"id":3769,"date":"2019-02-26T20:57:40","date_gmt":"2019-02-26T19:57:40","guid":{"rendered":"https:\/\/www.montendre.se\/?p=3769"},"modified":"2019-02-26T21:00:05","modified_gmt":"2019-02-26T20:00:05","slug":"26-februari-2019","status":"publish","type":"post","link":"https:\/\/www.montendre.se\/?p=3769","title":{"rendered":"26 februari 2019"},"content":{"rendered":"<p>N\u00e4stan 23 grader idag. Galet.<\/p>\n<p>Lackat golv och fixat i tr\u00e4dg\u00e5rden.<\/p>\n<p>Klippt flormyrten. Kommer tydligen bara blommor p\u00e5 nya grenar s\u00e5 den ska klippas kort.<\/p>\n<p><a href=\"https:\/\/www.montendre.se\/wp-content\/uploads\/2019\/02\/IMG_8321-1.jpg\"><img loading=\"lazy\" decoding=\"async\" class=\"aligncenter size-medium wp-image-3775\" src=\"https:\/\/www.montendre.se\/wp-content\/uploads\/2019\/02\/IMG_8321-1-225x300.jpg\" alt=\"\" width=\"225\" height=\"300\" srcset=\"https:\/\/www.montendre.se\/wp-content\/uploads\/2019\/02\/IMG_8321-1-225x300.jpg 225w, https:\/\/www.montendre.se\/wp-content\/uploads\/2019\/02\/IMG_8321-1-768x1024.jpg 768w, https:\/\/www.montendre.se\/wp-content\/uploads\/2019\/02\/IMG_8321-1-700x933.jpg 700w, https:\/\/www.montendre.se\/wp-content\/uploads\/2019\/02\/IMG_8321-1.jpg 960w\" sizes=\"(max-width: 225px) 100vw, 225px\" \/><\/a><\/p>\n<p>Planterat ut st\u00e4ppsalvia, h\u00f6stflox och madeiras stolthet och fixat bevattning till dem.<\/p>\n<p><a href=\"https:\/\/www.montendre.se\/wp-content\/uploads\/2019\/02\/IMG_8323.jpg\"><img loading=\"lazy\" decoding=\"async\" class=\"aligncenter size-medium wp-image-3776\" src=\"https:\/\/www.montendre.se\/wp-content\/uploads\/2019\/02\/IMG_8323-300x225.jpg\" alt=\"\" width=\"300\" height=\"225\" srcset=\"https:\/\/www.montendre.se\/wp-content\/uploads\/2019\/02\/IMG_8323-300x225.jpg 300w, https:\/\/www.montendre.se\/wp-content\/uploads\/2019\/02\/IMG_8323-768x576.jpg 768w, https:\/\/www.montendre.se\/wp-content\/uploads\/2019\/02\/IMG_8323-1024x768.jpg 1024w, https:\/\/www.montendre.se\/wp-content\/uploads\/2019\/02\/IMG_8323-268x200.jpg 268w, https:\/\/www.montendre.se\/wp-content\/uploads\/2019\/02\/IMG_8323-700x525.jpg 700w, https:\/\/www.montendre.se\/wp-content\/uploads\/2019\/02\/IMG_8323.jpg 1280w\" sizes=\"(max-width: 300px) 100vw, 300px\" \/><\/a><\/p>\n<p>Rensat ogr\u00e4s i rabatten ut mot gatan.<\/p>\n<p>Middag hemma.<\/p>\n<p>&nbsp;<\/p>\n","protected":false},"excerpt":{"rendered":"<p>N\u00e4stan 23 grader idag. Galet. Lackat golv och fixat i tr\u00e4dg\u00e5rden. Klippt flormyrten. Kommer tydligen bara blommor p\u00e5 nya grenar s\u00e5 den ska klippas kort. Planterat ut st\u00e4ppsalvia, h\u00f6stflox och madeiras stolthet och fixat bevattning till dem. Rensat ogr\u00e4s i rabatten ut mot gatan. Middag hemma. &nbsp;<\/p>\n","protected":false},"author":1,"featured_media":0,"comment_status":"open","ping_status":"open","sticky":false,"template":"","format":"standard","meta":{"jetpack_post_was_ever_published":false,"_jetpack_newsletter_access":"","_jetpack_dont_email_post_to_subs":false,"_jetpack_newsletter_tier_id":0,"footnotes":""},"categories":[58],"tags":[],"jetpack_sharing_enabled":true,"jetpack_featured_media_url":"","_links":{"self":[{"href":"https:\/\/www.montendre.se\/index.php?rest_route=\/wp\/v2\/posts\/3769"}],"collection":[{"href":"https:\/\/www.montendre.se\/index.php?rest_route=\/wp\/v2\/posts"}],"about":[{"href":"https:\/\/www.montendre.se\/index.php?rest_route=\/wp\/v2\/types\/post"}],"author":[{"embeddable":true,"href":"https:\/\/www.montendre.se\/index.php?rest_route=\/wp\/v2\/users\/1"}],"replies":[{"embeddable":true,"href":"https:\/\/www.montendre.se\/index.php?rest_route=%2Fwp%2Fv2%2Fcomments&post=3769"}],"version-history":[{"count":2,"href":"https:\/\/www.montendre.se\/index.php?rest_route=\/wp\/v2\/posts\/3769\/revisions"}],"predecessor-version":[{"id":3777,"href":"https:\/\/www.montendre.se\/index.php?rest_route=\/wp\/v2\/posts\/3769\/revisions\/3777"}],"wp:attachment":[{"href":"https:\/\/www.montendre.se\/index.php?rest_route=%2Fwp%2Fv2%2Fmedia&parent=3769"}],"wp:term":[{"taxonomy":"category","embeddable":true,"href":"https:\/\/www.montendre.se\/index.php?rest_route=%2Fwp%2Fv2%2Fcategories&post=3769"},{"taxonomy":"post_tag","embeddable":true,"href":"https:\/\/www.montendre.se\/index.php?rest_route=%2Fwp%2Fv2%2Ftags&post=3769"}],"curies":[{"name":"wp","href":"https:\/\/api.w.org\/{rel}","templated":true}]}}