{"id":3684,"date":"2018-10-31T20:41:50","date_gmt":"2018-10-31T19:41:50","guid":{"rendered":"https:\/\/www.montendre.se\/?p=3684"},"modified":"2018-10-31T20:41:50","modified_gmt":"2018-10-31T19:41:50","slug":"31-oktober-2018","status":"publish","type":"post","link":"https:\/\/www.montendre.se\/?p=3684","title":{"rendered":"31 oktober 2018"},"content":{"rendered":"<p>Lite sm\u00e5regnande idag, men 12 grader \u00e4nd\u00e5.<\/p>\n<p>Lackat hallgolv nere och b\u00f6rjat n\u00e5ta hallgolv uppe.\u00a0Och lackade trappen n\u00e4r jag \u00e4nd\u00e5 var i farten.<\/p>\n<p>Fixat lampa i rummet l\u00e4ngst in i k\u00e4llaren. Det \u00e4r ju dit jag t\u00e4nkt flytta vinflaskorna. Tror det kan vara j\u00e4mnare temperatur och fixar jag en d\u00f6rr ocks\u00e5 \u00e4r det l\u00e4ttare att isolera.<\/p>\n<p><a href=\"https:\/\/www.montendre.se\/wp-content\/uploads\/2018\/10\/IMG_8044.jpg\"><img loading=\"lazy\" decoding=\"async\" class=\"aligncenter size-medium wp-image-3685\" src=\"https:\/\/www.montendre.se\/wp-content\/uploads\/2018\/10\/IMG_8044-225x300.jpg\" alt=\"\" width=\"225\" height=\"300\" srcset=\"https:\/\/www.montendre.se\/wp-content\/uploads\/2018\/10\/IMG_8044-225x300.jpg 225w, https:\/\/www.montendre.se\/wp-content\/uploads\/2018\/10\/IMG_8044-768x1024.jpg 768w, https:\/\/www.montendre.se\/wp-content\/uploads\/2018\/10\/IMG_8044-700x933.jpg 700w, https:\/\/www.montendre.se\/wp-content\/uploads\/2018\/10\/IMG_8044.jpg 960w\" sizes=\"(max-width: 225px) 100vw, 225px\" \/><\/a><\/p>\n<p>Lite sm\u00e5busande idag p\u00e5 halloween. Men jag har inte \u00f6ppnat f\u00f6r n\u00e5gon \u00e4n.<\/p>\n<p>T\u00e4nkte \u00e4ta p\u00e5 baren men den var st\u00e4ngd s\u00e5 det fick bli pizza.<\/p>\n","protected":false},"excerpt":{"rendered":"<p>Lite sm\u00e5regnande idag, men 12 grader \u00e4nd\u00e5. Lackat hallgolv nere och b\u00f6rjat n\u00e5ta hallgolv uppe.\u00a0Och lackade trappen n\u00e4r jag \u00e4nd\u00e5 var i farten. Fixat lampa i rummet l\u00e4ngst in i k\u00e4llaren. Det \u00e4r ju dit jag t\u00e4nkt flytta vinflaskorna. Tror det kan vara j\u00e4mnare temperatur och fixar jag en d\u00f6rr &#8230;<\/p>\n","protected":false},"author":1,"featured_media":0,"comment_status":"open","ping_status":"open","sticky":false,"template":"","format":"standard","meta":{"jetpack_post_was_ever_published":false,"_jetpack_newsletter_access":"","_jetpack_dont_email_post_to_subs":false,"_jetpack_newsletter_tier_id":0,"footnotes":""},"categories":[56],"tags":[],"jetpack_sharing_enabled":true,"jetpack_featured_media_url":"","_links":{"self":[{"href":"https:\/\/www.montendre.se\/index.php?rest_route=\/wp\/v2\/posts\/3684"}],"collection":[{"href":"https:\/\/www.montendre.se\/index.php?rest_route=\/wp\/v2\/posts"}],"about":[{"href":"https:\/\/www.montendre.se\/index.php?rest_route=\/wp\/v2\/types\/post"}],"author":[{"embeddable":true,"href":"https:\/\/www.montendre.se\/index.php?rest_route=\/wp\/v2\/users\/1"}],"replies":[{"embeddable":true,"href":"https:\/\/www.montendre.se\/index.php?rest_route=%2Fwp%2Fv2%2Fcomments&post=3684"}],"version-history":[{"count":2,"href":"https:\/\/www.montendre.se\/index.php?rest_route=\/wp\/v2\/posts\/3684\/revisions"}],"predecessor-version":[{"id":3687,"href":"https:\/\/www.montendre.se\/index.php?rest_route=\/wp\/v2\/posts\/3684\/revisions\/3687"}],"wp:attachment":[{"href":"https:\/\/www.montendre.se\/index.php?rest_route=%2Fwp%2Fv2%2Fmedia&parent=3684"}],"wp:term":[{"taxonomy":"category","embeddable":true,"href":"https:\/\/www.montendre.se\/index.php?rest_route=%2Fwp%2Fv2%2Fcategories&post=3684"},{"taxonomy":"post_tag","embeddable":true,"href":"https:\/\/www.montendre.se\/index.php?rest_route=%2Fwp%2Fv2%2Ftags&post=3684"}],"curies":[{"name":"wp","href":"https:\/\/api.w.org\/{rel}","templated":true}]}}