{"id":3639,"date":"2018-09-10T19:43:59","date_gmt":"2018-09-10T17:43:59","guid":{"rendered":"https:\/\/www.montendre.se\/?p=3639"},"modified":"2018-09-10T19:43:59","modified_gmt":"2018-09-10T17:43:59","slug":"10-september-2018","status":"publish","type":"post","link":"https:\/\/www.montendre.se\/?p=3639","title":{"rendered":"10 september 2018"},"content":{"rendered":"<p>26 grader och sol n\u00e4r jag landade.<\/p>\n<p>Torrt och brunt i tr\u00e4dg\u00e5rden. P\u00e4rontr\u00e4det vi k\u00f6pte f\u00f6rra h\u00f6sten ser d\u00f6tt ut. F\u00e5r se om jag kan f\u00e5 liv i det med lite &#8221;vattenbombning&#8221;&#8230;<\/p>\n<p><a href=\"https:\/\/www.montendre.se\/wp-content\/uploads\/2018\/09\/IMG_7874.jpg\"><img loading=\"lazy\" decoding=\"async\" class=\"aligncenter size-medium wp-image-3640\" src=\"https:\/\/www.montendre.se\/wp-content\/uploads\/2018\/09\/IMG_7874-225x300.jpg\" alt=\"\" width=\"225\" height=\"300\" srcset=\"https:\/\/www.montendre.se\/wp-content\/uploads\/2018\/09\/IMG_7874-225x300.jpg 225w, https:\/\/www.montendre.se\/wp-content\/uploads\/2018\/09\/IMG_7874-768x1024.jpg 768w, https:\/\/www.montendre.se\/wp-content\/uploads\/2018\/09\/IMG_7874-700x933.jpg 700w, https:\/\/www.montendre.se\/wp-content\/uploads\/2018\/09\/IMG_7874.jpg 960w\" sizes=\"(max-width: 225px) 100vw, 225px\" \/><\/a><\/p>\n<p>Blommorna som haft bevattning ser r\u00e4tt bra ut i alla fall.<\/p>\n<p><a href=\"https:\/\/www.montendre.se\/wp-content\/uploads\/2018\/09\/IMG_7878.jpg\"><img loading=\"lazy\" decoding=\"async\" class=\"aligncenter size-medium wp-image-3641\" src=\"https:\/\/www.montendre.se\/wp-content\/uploads\/2018\/09\/IMG_7878-300x225.jpg\" alt=\"\" width=\"300\" height=\"225\" srcset=\"https:\/\/www.montendre.se\/wp-content\/uploads\/2018\/09\/IMG_7878-300x225.jpg 300w, https:\/\/www.montendre.se\/wp-content\/uploads\/2018\/09\/IMG_7878-768x576.jpg 768w, https:\/\/www.montendre.se\/wp-content\/uploads\/2018\/09\/IMG_7878-1024x768.jpg 1024w, https:\/\/www.montendre.se\/wp-content\/uploads\/2018\/09\/IMG_7878-268x200.jpg 268w, https:\/\/www.montendre.se\/wp-content\/uploads\/2018\/09\/IMG_7878-700x525.jpg 700w, https:\/\/www.montendre.se\/wp-content\/uploads\/2018\/09\/IMG_7878.jpg 1280w\" sizes=\"(max-width: 300px) 100vw, 300px\" \/><\/a><a href=\"https:\/\/www.montendre.se\/wp-content\/uploads\/2018\/09\/IMG_7879.jpg\"><img loading=\"lazy\" decoding=\"async\" class=\"aligncenter size-medium wp-image-3642\" src=\"https:\/\/www.montendre.se\/wp-content\/uploads\/2018\/09\/IMG_7879-300x225.jpg\" alt=\"\" width=\"300\" height=\"225\" srcset=\"https:\/\/www.montendre.se\/wp-content\/uploads\/2018\/09\/IMG_7879-300x225.jpg 300w, https:\/\/www.montendre.se\/wp-content\/uploads\/2018\/09\/IMG_7879-768x576.jpg 768w, https:\/\/www.montendre.se\/wp-content\/uploads\/2018\/09\/IMG_7879-1024x768.jpg 1024w, https:\/\/www.montendre.se\/wp-content\/uploads\/2018\/09\/IMG_7879-268x200.jpg 268w, https:\/\/www.montendre.se\/wp-content\/uploads\/2018\/09\/IMG_7879-700x525.jpg 700w, https:\/\/www.montendre.se\/wp-content\/uploads\/2018\/09\/IMG_7879.jpg 1280w\" sizes=\"(max-width: 300px) 100vw, 300px\" \/><\/a><\/p>\n<p>Sk\u00f6rdat lite tomater och vindruvor i alla fall. Vindruvorna har \u00e4ven f\u00e5glarna och getingarna kalasat p\u00e5 s\u00e5 klasarna ser lite glesa ut.<a href=\"https:\/\/www.montendre.se\/wp-content\/uploads\/2018\/09\/IMG_7881.jpg\"><br \/>\n<img loading=\"lazy\" decoding=\"async\" class=\"aligncenter size-medium wp-image-3644\" src=\"https:\/\/www.montendre.se\/wp-content\/uploads\/2018\/09\/IMG_7881-300x225.jpg\" alt=\"\" width=\"300\" height=\"225\" srcset=\"https:\/\/www.montendre.se\/wp-content\/uploads\/2018\/09\/IMG_7881-300x225.jpg 300w, https:\/\/www.montendre.se\/wp-content\/uploads\/2018\/09\/IMG_7881-768x576.jpg 768w, https:\/\/www.montendre.se\/wp-content\/uploads\/2018\/09\/IMG_7881-1024x768.jpg 1024w, https:\/\/www.montendre.se\/wp-content\/uploads\/2018\/09\/IMG_7881-268x200.jpg 268w, https:\/\/www.montendre.se\/wp-content\/uploads\/2018\/09\/IMG_7881-700x525.jpg 700w, https:\/\/www.montendre.se\/wp-content\/uploads\/2018\/09\/IMG_7881.jpg 1280w\" sizes=\"(max-width: 300px) 100vw, 300px\" \/><\/a>Middag hemma.<\/p>\n","protected":false},"excerpt":{"rendered":"<p>26 grader och sol n\u00e4r jag landade. Torrt och brunt i tr\u00e4dg\u00e5rden. P\u00e4rontr\u00e4det vi k\u00f6pte f\u00f6rra h\u00f6sten ser d\u00f6tt ut. F\u00e5r se om jag kan f\u00e5 liv i det med lite &#8221;vattenbombning&#8221;&#8230; Blommorna som haft bevattning ser r\u00e4tt bra ut i alla fall. Sk\u00f6rdat lite tomater och vindruvor i alla &#8230;<\/p>\n","protected":false},"author":1,"featured_media":0,"comment_status":"open","ping_status":"open","sticky":false,"template":"","format":"standard","meta":{"jetpack_post_was_ever_published":false,"_jetpack_newsletter_access":"","_jetpack_dont_email_post_to_subs":false,"_jetpack_newsletter_tier_id":0,"footnotes":""},"categories":[55],"tags":[],"jetpack_sharing_enabled":true,"jetpack_featured_media_url":"","_links":{"self":[{"href":"https:\/\/www.montendre.se\/index.php?rest_route=\/wp\/v2\/posts\/3639"}],"collection":[{"href":"https:\/\/www.montendre.se\/index.php?rest_route=\/wp\/v2\/posts"}],"about":[{"href":"https:\/\/www.montendre.se\/index.php?rest_route=\/wp\/v2\/types\/post"}],"author":[{"embeddable":true,"href":"https:\/\/www.montendre.se\/index.php?rest_route=\/wp\/v2\/users\/1"}],"replies":[{"embeddable":true,"href":"https:\/\/www.montendre.se\/index.php?rest_route=%2Fwp%2Fv2%2Fcomments&post=3639"}],"version-history":[{"count":2,"href":"https:\/\/www.montendre.se\/index.php?rest_route=\/wp\/v2\/posts\/3639\/revisions"}],"predecessor-version":[{"id":3645,"href":"https:\/\/www.montendre.se\/index.php?rest_route=\/wp\/v2\/posts\/3639\/revisions\/3645"}],"wp:attachment":[{"href":"https:\/\/www.montendre.se\/index.php?rest_route=%2Fwp%2Fv2%2Fmedia&parent=3639"}],"wp:term":[{"taxonomy":"category","embeddable":true,"href":"https:\/\/www.montendre.se\/index.php?rest_route=%2Fwp%2Fv2%2Fcategories&post=3639"},{"taxonomy":"post_tag","embeddable":true,"href":"https:\/\/www.montendre.se\/index.php?rest_route=%2Fwp%2Fv2%2Ftags&post=3639"}],"curies":[{"name":"wp","href":"https:\/\/api.w.org\/{rel}","templated":true}]}}