{"id":3633,"date":"2018-07-31T16:41:47","date_gmt":"2018-07-31T14:41:47","guid":{"rendered":"https:\/\/www.montendre.se\/?p=3633"},"modified":"2018-07-31T16:41:47","modified_gmt":"2018-07-31T14:41:47","slug":"31-juli-2018","status":"publish","type":"post","link":"https:\/\/www.montendre.se\/?p=3633","title":{"rendered":"31 juli 2018"},"content":{"rendered":"<p>Avresedag. St\u00e4dat mest.<\/p>\n<p>H\u00e4mtade en frys som det varit mycket strul med. Vi best\u00e4llde den p\u00e5 onsdagen f\u00f6rra veckan i den nya vitvaruaff\u00e4ren i byn. De hade inga s\u00e5 sm\u00e5 frysar i lager men skulle f\u00e5 in den till aff\u00e4ren p\u00e5 fredagen. P\u00e5 fredagen ringde de och sa att leveransen blivit uppskjuten till m\u00e5ndag. D\u00e5 var aff\u00e4ren st\u00e4ngd men leveransen skulle g\u00e5 bra \u00e4nd\u00e5. P\u00e5 m\u00e5ndagen ringer de igen och s\u00e4ger att det inte blev n\u00e5gon leverans eftersom aff\u00e4ren \u00e4r st\u00e4ngd p\u00e5 m\u00e5ndagar. Suck, men fram till lunch p\u00e5 tisdagen sa jag att vi kunde h\u00e4mta den. S\u00e5 strax innan lunch ringer de och vi h\u00e4mtar hem den. N\u00e4r vi packar upp den \u00e4r den dock skadad. Hela bakre sidan \u00e4r intryck och buckla p\u00e5 kompressorn. Tillbaka med den till aff\u00e4ren igen. S\u00e5 nu ska vi v\u00e4l f\u00f6rhoppningvis f\u00e5 den till n\u00e4sta resa&#8230; Fransk logistik&#8230;<\/p>\n<p>Gl\u00f6mde skriva ig\u00e5r att jag bytte ut str\u00f6mbrytaren och eluttaget som sitter utomhus p\u00e5 baksidan. De har sett r\u00e4tt slitna ut med gummi uttorkat. Jag tror att de har l\u00e4ckt in vatten och orsakat kortslutning i samband med ett regnov\u00e4der i slutet av juni. En jordfelssbrytare hade l\u00f6st ut s\u00e5 en grupp hade ingen str\u00f6m nu n\u00e4r vi kom ner. Bland annat var kylen avst\u00e4ngd. Vi hade inget k\u00e4nsligt i det som tur var.<\/p>\n<p>Hem med 17:10-planet.<\/p>\n<p>&nbsp;<\/p>\n","protected":false},"excerpt":{"rendered":"<p>Avresedag. St\u00e4dat mest. H\u00e4mtade en frys som det varit mycket strul med. Vi best\u00e4llde den p\u00e5 onsdagen f\u00f6rra veckan i den nya vitvaruaff\u00e4ren i byn. De hade inga s\u00e5 sm\u00e5 frysar i lager men skulle f\u00e5 in den till aff\u00e4ren p\u00e5 fredagen. P\u00e5 fredagen ringde de och sa att leveransen &#8230;<\/p>\n","protected":false},"author":1,"featured_media":0,"comment_status":"open","ping_status":"open","sticky":false,"template":"","format":"standard","meta":{"jetpack_post_was_ever_published":false,"_jetpack_newsletter_access":"","_jetpack_dont_email_post_to_subs":false,"_jetpack_newsletter_tier_id":0,"footnotes":""},"categories":[54],"tags":[],"jetpack_sharing_enabled":true,"jetpack_featured_media_url":"","_links":{"self":[{"href":"https:\/\/www.montendre.se\/index.php?rest_route=\/wp\/v2\/posts\/3633"}],"collection":[{"href":"https:\/\/www.montendre.se\/index.php?rest_route=\/wp\/v2\/posts"}],"about":[{"href":"https:\/\/www.montendre.se\/index.php?rest_route=\/wp\/v2\/types\/post"}],"author":[{"embeddable":true,"href":"https:\/\/www.montendre.se\/index.php?rest_route=\/wp\/v2\/users\/1"}],"replies":[{"embeddable":true,"href":"https:\/\/www.montendre.se\/index.php?rest_route=%2Fwp%2Fv2%2Fcomments&post=3633"}],"version-history":[{"count":1,"href":"https:\/\/www.montendre.se\/index.php?rest_route=\/wp\/v2\/posts\/3633\/revisions"}],"predecessor-version":[{"id":3634,"href":"https:\/\/www.montendre.se\/index.php?rest_route=\/wp\/v2\/posts\/3633\/revisions\/3634"}],"wp:attachment":[{"href":"https:\/\/www.montendre.se\/index.php?rest_route=%2Fwp%2Fv2%2Fmedia&parent=3633"}],"wp:term":[{"taxonomy":"category","embeddable":true,"href":"https:\/\/www.montendre.se\/index.php?rest_route=%2Fwp%2Fv2%2Fcategories&post=3633"},{"taxonomy":"post_tag","embeddable":true,"href":"https:\/\/www.montendre.se\/index.php?rest_route=%2Fwp%2Fv2%2Ftags&post=3633"}],"curies":[{"name":"wp","href":"https:\/\/api.w.org\/{rel}","templated":true}]}}