{"id":3623,"date":"2018-07-30T09:45:44","date_gmt":"2018-07-30T07:45:44","guid":{"rendered":"https:\/\/www.montendre.se\/?p=3623"},"modified":"2018-07-31T09:45:55","modified_gmt":"2018-07-31T07:45:55","slug":"30-juli-2018","status":"publish","type":"post","link":"https:\/\/www.montendre.se\/?p=3623","title":{"rendered":"30 juli 2018"},"content":{"rendered":"<p>Mestadels soligt, 30 grader.<\/p>\n<p>B\u00f6rjade med att fixa det l\u00e4ckande avloppet fr\u00e5n handfatet i badrummet d\u00e4r uppe. L\u00e4ckan var ju i toan nere. D\u00e4r var en koppling med en ohygglig massa skarvar. Sv\u00e5rt att komma \u00e5t i gr\u00e4nslandet mellan taket p\u00e5 toan och golvet p\u00e5 badrummet. Men delarna till h\u00f6ger bytte jag ut mot delarna till v\u00e4nster. Totalt sett p\u00e5 hela bytet blev det en skarv mindre.<\/p>\n<p><a href=\"https:\/\/www.montendre.se\/wp-content\/uploads\/2018\/07\/IMG_7724.jpg\"><img loading=\"lazy\" decoding=\"async\" class=\"aligncenter size-medium wp-image-3625\" src=\"https:\/\/www.montendre.se\/wp-content\/uploads\/2018\/07\/IMG_7724-300x225.jpg\" alt=\"\" width=\"300\" height=\"225\" srcset=\"https:\/\/www.montendre.se\/wp-content\/uploads\/2018\/07\/IMG_7724-300x225.jpg 300w, https:\/\/www.montendre.se\/wp-content\/uploads\/2018\/07\/IMG_7724-768x576.jpg 768w, https:\/\/www.montendre.se\/wp-content\/uploads\/2018\/07\/IMG_7724-1024x768.jpg 1024w, https:\/\/www.montendre.se\/wp-content\/uploads\/2018\/07\/IMG_7724-268x200.jpg 268w, https:\/\/www.montendre.se\/wp-content\/uploads\/2018\/07\/IMG_7724-700x525.jpg 700w, https:\/\/www.montendre.se\/wp-content\/uploads\/2018\/07\/IMG_7724.jpg 1280w\" sizes=\"(max-width: 300px) 100vw, 300px\" \/><\/a>Bytte knivar p\u00e5 Klippo. Fixade bevattning till Hortensian. Gr\u00e4vde ner ett pvc-r\u00f6r i marken.<\/p>\n<p><a href=\"https:\/\/www.montendre.se\/wp-content\/uploads\/2018\/07\/IMG_7725.jpg\"><img loading=\"lazy\" decoding=\"async\" class=\"aligncenter size-medium wp-image-3627\" src=\"https:\/\/www.montendre.se\/wp-content\/uploads\/2018\/07\/IMG_7725-225x300.jpg\" alt=\"\" width=\"225\" height=\"300\" srcset=\"https:\/\/www.montendre.se\/wp-content\/uploads\/2018\/07\/IMG_7725-225x300.jpg 225w, https:\/\/www.montendre.se\/wp-content\/uploads\/2018\/07\/IMG_7725-768x1024.jpg 768w, https:\/\/www.montendre.se\/wp-content\/uploads\/2018\/07\/IMG_7725-700x933.jpg 700w, https:\/\/www.montendre.se\/wp-content\/uploads\/2018\/07\/IMG_7725.jpg 960w\" sizes=\"(max-width: 225px) 100vw, 225px\" \/><\/a>Det \u00e4r galet st\u00f6kigt p\u00e5 morgnarna h\u00e4r nu med renoveringen av Georges och Lucettes hus och dessutom l\u00e4gger bagaren om taket p\u00e5 sitt hus. Det \u00e4r som att bo p\u00e5 Kungsgatan&#8230; Och de b\u00f6rjar jobba runt halv sju p\u00e5 morgonen, f\u00f6rmodligen f\u00f6r att f\u00e5 jobba i lite svalare v\u00e4der.<\/p>\n<p>K\u00e4kade middag p\u00e5 ny restaurang i grannbyn, <a href=\"https:\/\/goo.gl\/maps\/pVWyPzkdgiA2\">Le Ch\u00e2telard<\/a>. Ungef\u00e4r som baren i pris, kanske lite b\u00e4ttre mat och fin milj\u00f6 d\u00e4r man sitter utomhus.<\/p>\n<p><a href=\"https:\/\/www.montendre.se\/wp-content\/uploads\/2018\/07\/IMG_7726.jpg\"><img loading=\"lazy\" decoding=\"async\" class=\"aligncenter size-medium wp-image-3630\" src=\"https:\/\/www.montendre.se\/wp-content\/uploads\/2018\/07\/IMG_7726-300x225.jpg\" alt=\"\" width=\"300\" height=\"225\" srcset=\"https:\/\/www.montendre.se\/wp-content\/uploads\/2018\/07\/IMG_7726-300x225.jpg 300w, https:\/\/www.montendre.se\/wp-content\/uploads\/2018\/07\/IMG_7726-768x576.jpg 768w, https:\/\/www.montendre.se\/wp-content\/uploads\/2018\/07\/IMG_7726-1024x768.jpg 1024w, https:\/\/www.montendre.se\/wp-content\/uploads\/2018\/07\/IMG_7726-268x200.jpg 268w, https:\/\/www.montendre.se\/wp-content\/uploads\/2018\/07\/IMG_7726-700x525.jpg 700w, https:\/\/www.montendre.se\/wp-content\/uploads\/2018\/07\/IMG_7726.jpg 1280w\" sizes=\"(max-width: 300px) 100vw, 300px\" \/><\/a><a href=\"https:\/\/www.montendre.se\/wp-content\/uploads\/2018\/07\/IMG_9428.jpg\"><img loading=\"lazy\" decoding=\"async\" class=\"aligncenter size-medium wp-image-3631\" src=\"https:\/\/www.montendre.se\/wp-content\/uploads\/2018\/07\/IMG_9428-225x300.jpg\" alt=\"\" width=\"225\" height=\"300\" srcset=\"https:\/\/www.montendre.se\/wp-content\/uploads\/2018\/07\/IMG_9428-225x300.jpg 225w, https:\/\/www.montendre.se\/wp-content\/uploads\/2018\/07\/IMG_9428-768x1024.jpg 768w, https:\/\/www.montendre.se\/wp-content\/uploads\/2018\/07\/IMG_9428-700x933.jpg 700w, https:\/\/www.montendre.se\/wp-content\/uploads\/2018\/07\/IMG_9428.jpg 960w\" sizes=\"(max-width: 225px) 100vw, 225px\" \/><\/a><\/p>\n<p>F\u00f6r \u00f6vrigt har den nordafrikanska restaurangen (Mac Ghrebin) vid torget st\u00e4ngt och det verkar \u00e4ven som creperiet har st\u00e4ngt.<\/p>\n","protected":false},"excerpt":{"rendered":"<p>Mestadels soligt, 30 grader. B\u00f6rjade med att fixa det l\u00e4ckande avloppet fr\u00e5n handfatet i badrummet d\u00e4r uppe. L\u00e4ckan var ju i toan nere. D\u00e4r var en koppling med en ohygglig massa skarvar. Sv\u00e5rt att komma \u00e5t i gr\u00e4nslandet mellan taket p\u00e5 toan och golvet p\u00e5 badrummet. Men delarna till h\u00f6ger &#8230;<\/p>\n","protected":false},"author":1,"featured_media":0,"comment_status":"open","ping_status":"open","sticky":false,"template":"","format":"standard","meta":{"jetpack_post_was_ever_published":false,"_jetpack_newsletter_access":"","_jetpack_dont_email_post_to_subs":false,"_jetpack_newsletter_tier_id":0,"footnotes":""},"categories":[54],"tags":[],"jetpack_sharing_enabled":true,"jetpack_featured_media_url":"","_links":{"self":[{"href":"https:\/\/www.montendre.se\/index.php?rest_route=\/wp\/v2\/posts\/3623"}],"collection":[{"href":"https:\/\/www.montendre.se\/index.php?rest_route=\/wp\/v2\/posts"}],"about":[{"href":"https:\/\/www.montendre.se\/index.php?rest_route=\/wp\/v2\/types\/post"}],"author":[{"embeddable":true,"href":"https:\/\/www.montendre.se\/index.php?rest_route=\/wp\/v2\/users\/1"}],"replies":[{"embeddable":true,"href":"https:\/\/www.montendre.se\/index.php?rest_route=%2Fwp%2Fv2%2Fcomments&post=3623"}],"version-history":[{"count":5,"href":"https:\/\/www.montendre.se\/index.php?rest_route=\/wp\/v2\/posts\/3623\/revisions"}],"predecessor-version":[{"id":3632,"href":"https:\/\/www.montendre.se\/index.php?rest_route=\/wp\/v2\/posts\/3623\/revisions\/3632"}],"wp:attachment":[{"href":"https:\/\/www.montendre.se\/index.php?rest_route=%2Fwp%2Fv2%2Fmedia&parent=3623"}],"wp:term":[{"taxonomy":"category","embeddable":true,"href":"https:\/\/www.montendre.se\/index.php?rest_route=%2Fwp%2Fv2%2Fcategories&post=3623"},{"taxonomy":"post_tag","embeddable":true,"href":"https:\/\/www.montendre.se\/index.php?rest_route=%2Fwp%2Fv2%2Ftags&post=3623"}],"curies":[{"name":"wp","href":"https:\/\/api.w.org\/{rel}","templated":true}]}}