{"id":3591,"date":"2018-07-25T21:46:11","date_gmt":"2018-07-25T19:46:11","guid":{"rendered":"https:\/\/www.montendre.se\/?p=3591"},"modified":"2018-07-26T00:43:14","modified_gmt":"2018-07-25T22:43:14","slug":"25-juli-2018","status":"publish","type":"post","link":"https:\/\/www.montendre.se\/?p=3591","title":{"rendered":"25 juli 2018"},"content":{"rendered":"<p>Soligt och varmt, 31 grader.<\/p>\n<p>Lite bilder fr\u00e5n grottan i Meschers som vi bes\u00f6kte ig\u00e5r.<\/p>\n<p><a href=\"https:\/\/www.montendre.se\/wp-content\/uploads\/2018\/07\/IMG_9364.jpg\"><img loading=\"lazy\" decoding=\"async\" class=\"aligncenter size-medium wp-image-3592\" src=\"https:\/\/www.montendre.se\/wp-content\/uploads\/2018\/07\/IMG_9364-225x300.jpg\" alt=\"\" width=\"225\" height=\"300\" srcset=\"https:\/\/www.montendre.se\/wp-content\/uploads\/2018\/07\/IMG_9364-225x300.jpg 225w, https:\/\/www.montendre.se\/wp-content\/uploads\/2018\/07\/IMG_9364-768x1024.jpg 768w, https:\/\/www.montendre.se\/wp-content\/uploads\/2018\/07\/IMG_9364-700x933.jpg 700w, https:\/\/www.montendre.se\/wp-content\/uploads\/2018\/07\/IMG_9364.jpg 960w\" sizes=\"(max-width: 225px) 100vw, 225px\" \/><\/a><a href=\"https:\/\/www.montendre.se\/wp-content\/uploads\/2018\/07\/IMG_9366.jpg\"><img loading=\"lazy\" decoding=\"async\" class=\"aligncenter size-medium wp-image-3593\" src=\"https:\/\/www.montendre.se\/wp-content\/uploads\/2018\/07\/IMG_9366-225x300.jpg\" alt=\"\" width=\"225\" height=\"300\" srcset=\"https:\/\/www.montendre.se\/wp-content\/uploads\/2018\/07\/IMG_9366-225x300.jpg 225w, https:\/\/www.montendre.se\/wp-content\/uploads\/2018\/07\/IMG_9366-768x1024.jpg 768w, https:\/\/www.montendre.se\/wp-content\/uploads\/2018\/07\/IMG_9366-700x933.jpg 700w, https:\/\/www.montendre.se\/wp-content\/uploads\/2018\/07\/IMG_9366.jpg 960w\" sizes=\"(max-width: 225px) 100vw, 225px\" \/><\/a><a href=\"https:\/\/www.montendre.se\/wp-content\/uploads\/2018\/07\/IMG_9370.jpg\"><img loading=\"lazy\" decoding=\"async\" class=\"aligncenter size-medium wp-image-3594\" src=\"https:\/\/www.montendre.se\/wp-content\/uploads\/2018\/07\/IMG_9370-300x225.jpg\" alt=\"\" width=\"300\" height=\"225\" srcset=\"https:\/\/www.montendre.se\/wp-content\/uploads\/2018\/07\/IMG_9370-300x225.jpg 300w, https:\/\/www.montendre.se\/wp-content\/uploads\/2018\/07\/IMG_9370-768x576.jpg 768w, https:\/\/www.montendre.se\/wp-content\/uploads\/2018\/07\/IMG_9370-1024x768.jpg 1024w, https:\/\/www.montendre.se\/wp-content\/uploads\/2018\/07\/IMG_9370-268x200.jpg 268w, https:\/\/www.montendre.se\/wp-content\/uploads\/2018\/07\/IMG_9370-700x525.jpg 700w, https:\/\/www.montendre.se\/wp-content\/uploads\/2018\/07\/IMG_9370.jpg 1280w\" sizes=\"(max-width: 300px) 100vw, 300px\" \/><\/a><\/p>\n<p><a href=\"https:\/\/www.montendre.se\/wp-content\/uploads\/2018\/07\/file1.jpg\"><img loading=\"lazy\" decoding=\"async\" class=\"aligncenter size-full wp-image-3597\" src=\"https:\/\/www.montendre.se\/wp-content\/uploads\/2018\/07\/file1.jpg\" alt=\"\" width=\"256\" height=\"192\" \/><\/a>Och en bild p\u00e5 hur det nys\u00e5dda gr\u00e4set ser ut. Det bruna \u00e4r det nys\u00e5dda gr\u00e4set som \u00e4r stend\u00f6tt och det gr\u00f6na ogr\u00e4s som f\u00f6rst\u00e5s klarar torkan b\u00e4ttre \ud83d\ude41<\/p>\n<p><a href=\"https:\/\/www.montendre.se\/wp-content\/uploads\/2018\/07\/IMG_7676.jpg\"><img loading=\"lazy\" decoding=\"async\" class=\"aligncenter size-medium wp-image-3595\" src=\"https:\/\/www.montendre.se\/wp-content\/uploads\/2018\/07\/IMG_7676-300x225.jpg\" alt=\"\" width=\"300\" height=\"225\" srcset=\"https:\/\/www.montendre.se\/wp-content\/uploads\/2018\/07\/IMG_7676-300x225.jpg 300w, https:\/\/www.montendre.se\/wp-content\/uploads\/2018\/07\/IMG_7676-768x576.jpg 768w, https:\/\/www.montendre.se\/wp-content\/uploads\/2018\/07\/IMG_7676-1024x768.jpg 1024w, https:\/\/www.montendre.se\/wp-content\/uploads\/2018\/07\/IMG_7676-268x200.jpg 268w, https:\/\/www.montendre.se\/wp-content\/uploads\/2018\/07\/IMG_7676-700x525.jpg 700w, https:\/\/www.montendre.se\/wp-content\/uploads\/2018\/07\/IMG_7676.jpg 1280w\" sizes=\"(max-width: 300px) 100vw, 300px\" \/><\/a>Idag har det varit en lugnare dag. Jag har oljat f\u00f6nstret.<\/p>\n<p>Vi \u00e5kte till Jonzac och k\u00e4kade lunch p\u00e5 Coq d&#8217;Or. Middag hemma.<\/p>\n<p>Idag b\u00f6rjade de renovera Georges och Lucettes hus. V\u00e4ggar revs mm. P\u00e5 nedre botten blir det ett k\u00f6k\/vardagsrum med \u00f6ppen planl\u00f6sning.<\/p>\n","protected":false},"excerpt":{"rendered":"<p>Soligt och varmt, 31 grader. Lite bilder fr\u00e5n grottan i Meschers som vi bes\u00f6kte ig\u00e5r. Och en bild p\u00e5 hur det nys\u00e5dda gr\u00e4set ser ut. Det bruna \u00e4r det nys\u00e5dda gr\u00e4set som \u00e4r stend\u00f6tt och det gr\u00f6na ogr\u00e4s som f\u00f6rst\u00e5s klarar torkan b\u00e4ttre \ud83d\ude41 Idag har det varit en lugnare &#8230;<\/p>\n","protected":false},"author":1,"featured_media":0,"comment_status":"open","ping_status":"open","sticky":false,"template":"","format":"standard","meta":{"jetpack_post_was_ever_published":false,"_jetpack_newsletter_access":"","_jetpack_dont_email_post_to_subs":false,"_jetpack_newsletter_tier_id":0,"footnotes":""},"categories":[54],"tags":[],"jetpack_sharing_enabled":true,"jetpack_featured_media_url":"","_links":{"self":[{"href":"https:\/\/www.montendre.se\/index.php?rest_route=\/wp\/v2\/posts\/3591"}],"collection":[{"href":"https:\/\/www.montendre.se\/index.php?rest_route=\/wp\/v2\/posts"}],"about":[{"href":"https:\/\/www.montendre.se\/index.php?rest_route=\/wp\/v2\/types\/post"}],"author":[{"embeddable":true,"href":"https:\/\/www.montendre.se\/index.php?rest_route=\/wp\/v2\/users\/1"}],"replies":[{"embeddable":true,"href":"https:\/\/www.montendre.se\/index.php?rest_route=%2Fwp%2Fv2%2Fcomments&post=3591"}],"version-history":[{"count":4,"href":"https:\/\/www.montendre.se\/index.php?rest_route=\/wp\/v2\/posts\/3591\/revisions"}],"predecessor-version":[{"id":3600,"href":"https:\/\/www.montendre.se\/index.php?rest_route=\/wp\/v2\/posts\/3591\/revisions\/3600"}],"wp:attachment":[{"href":"https:\/\/www.montendre.se\/index.php?rest_route=%2Fwp%2Fv2%2Fmedia&parent=3591"}],"wp:term":[{"taxonomy":"category","embeddable":true,"href":"https:\/\/www.montendre.se\/index.php?rest_route=%2Fwp%2Fv2%2Fcategories&post=3591"},{"taxonomy":"post_tag","embeddable":true,"href":"https:\/\/www.montendre.se\/index.php?rest_route=%2Fwp%2Fv2%2Ftags&post=3591"}],"curies":[{"name":"wp","href":"https:\/\/api.w.org\/{rel}","templated":true}]}}