{"id":359,"date":"2013-03-27T19:19:37","date_gmt":"2013-03-27T18:19:37","guid":{"rendered":"http:\/\/www.montendre.se\/?p=359"},"modified":"2013-07-17T14:55:01","modified_gmt":"2013-07-17T12:55:01","slug":"27-mars","status":"publish","type":"post","link":"https:\/\/www.montendre.se\/?p=359","title":{"rendered":"27 Mars 2013"},"content":{"rendered":"<p>Kom ig\u00e5r och m\u00f6tte Lenas syster med man och 2 av deras kompisar inne i Bordeaux. \u00c5kte till huset och k\u00e4kade lite snabblunch p\u00e5 v\u00e4gen.<\/p>\n<p>Framme vid tretiden. Visade runt i hus och tr\u00e4dg\u00e5rd och \u00e5kte sedan ner till Intermarch\u00e9 och handlade mat. Tog en promenad i byn och slank in p\u00e5 tabac:en och p\u00e5 baren. Sedan hem och lagade mat. Blev lite av varje, ostron, r\u00e4kor och bl\u00e4ckfisk till f\u00f6rr\u00e4tt. Havsabbore i ugnen med gr\u00f6nsaker i ugnen till huvudr\u00e4tt. Och s\u00e5 lite jordgubbar och gr\u00e4dde till efterr\u00e4tt.<\/p>\n<p>Soligt och strax \u00f6ver 20 grader p\u00e5 eftermiddagen. Ganska outslaget i tr\u00e4dg\u00e5rden. Det lilla persikotr\u00e4det som vi k\u00f6pte f\u00f6rra \u00e5ret blommar r\u00e4tt bra dock. K\u00f6rsb\u00e4rstr\u00e4det som vi satte verkar dock d\u00f6tt. \u00c4ppletr\u00e4det \u00e4r nog p\u00e5 g\u00e5ng. Valn\u00f6ten \u00e4r os\u00e4ker&#8230;<\/p>\n<p>Idag onsdag \u00e5kte vi till Cognac. K\u00e4kade lunch d\u00e4r och gick runt lite i staden. Gick sedan och provsmakade lite cognac och k\u00f6pte ett par flaskor. \u00c5kte sedan vidare till Mortagne och tog en fika d\u00e4r. Stannade p\u00e5 ett par &#8221;loppmarknadsbutiker&#8221; p\u00e5 v\u00e4gen. Hemma igen vid halv sex p\u00e5 kv\u00e4llen.<\/p>\n<p>Soligt hela dagen. Lite svalare men vi satt ute och \u00e5t lunch.<\/p>\n","protected":false},"excerpt":{"rendered":"<p>Kom ig\u00e5r och m\u00f6tte Lenas syster med man och 2 av deras kompisar inne i Bordeaux. \u00c5kte till huset och k\u00e4kade lite snabblunch p\u00e5 v\u00e4gen. Framme vid tretiden. Visade runt i hus och tr\u00e4dg\u00e5rd och \u00e5kte sedan ner till Intermarch\u00e9 och handlade mat. Tog en promenad i byn och slank &#8230;<\/p>\n","protected":false},"author":1,"featured_media":0,"comment_status":"open","ping_status":"open","sticky":false,"template":"","format":"standard","meta":{"jetpack_post_was_ever_published":false,"_jetpack_newsletter_access":"","_jetpack_dont_email_post_to_subs":false,"_jetpack_newsletter_tier_id":0,"footnotes":""},"categories":[7],"tags":[],"jetpack_sharing_enabled":true,"jetpack_featured_media_url":"","_links":{"self":[{"href":"https:\/\/www.montendre.se\/index.php?rest_route=\/wp\/v2\/posts\/359"}],"collection":[{"href":"https:\/\/www.montendre.se\/index.php?rest_route=\/wp\/v2\/posts"}],"about":[{"href":"https:\/\/www.montendre.se\/index.php?rest_route=\/wp\/v2\/types\/post"}],"author":[{"embeddable":true,"href":"https:\/\/www.montendre.se\/index.php?rest_route=\/wp\/v2\/users\/1"}],"replies":[{"embeddable":true,"href":"https:\/\/www.montendre.se\/index.php?rest_route=%2Fwp%2Fv2%2Fcomments&post=359"}],"version-history":[{"count":7,"href":"https:\/\/www.montendre.se\/index.php?rest_route=\/wp\/v2\/posts\/359\/revisions"}],"predecessor-version":[{"id":628,"href":"https:\/\/www.montendre.se\/index.php?rest_route=\/wp\/v2\/posts\/359\/revisions\/628"}],"wp:attachment":[{"href":"https:\/\/www.montendre.se\/index.php?rest_route=%2Fwp%2Fv2%2Fmedia&parent=359"}],"wp:term":[{"taxonomy":"category","embeddable":true,"href":"https:\/\/www.montendre.se\/index.php?rest_route=%2Fwp%2Fv2%2Fcategories&post=359"},{"taxonomy":"post_tag","embeddable":true,"href":"https:\/\/www.montendre.se\/index.php?rest_route=%2Fwp%2Fv2%2Ftags&post=359"}],"curies":[{"name":"wp","href":"https:\/\/api.w.org\/{rel}","templated":true}]}}