{"id":3574,"date":"2018-07-21T09:26:04","date_gmt":"2018-07-21T07:26:04","guid":{"rendered":"https:\/\/www.montendre.se\/?p=3574"},"modified":"2018-07-22T09:26:18","modified_gmt":"2018-07-22T07:26:18","slug":"21-juli-2018","status":"publish","type":"post","link":"https:\/\/www.montendre.se\/?p=3574","title":{"rendered":"21 juli 2018"},"content":{"rendered":"<p>V\u00e4xlande molnighet och 25 grader som mest.<\/p>\n<p>M\u00e5lat lite mer p\u00e5 lister i badrummet. P\u00e5b\u00f6rjade omkittning av sista f\u00f6nstret p\u00e5 ovanv\u00e5ningen (balkongd\u00f6rrar kvarst\u00e5r).<\/p>\n<p>Fixade i tr\u00e4dg\u00e5rden, jag tog ett tag p\u00e5 tujah\u00e4cken och L i rabatterna.<\/p>\n<p>Hittade en liten d\u00f6d n\u00e4bbmus i gr\u00e4smattan.<\/p>\n<p><a href=\"https:\/\/www.montendre.se\/wp-content\/uploads\/2018\/07\/IMG_7653.jpg\"><img loading=\"lazy\" decoding=\"async\" class=\"aligncenter size-medium wp-image-3575\" src=\"https:\/\/www.montendre.se\/wp-content\/uploads\/2018\/07\/IMG_7653-300x225.jpg\" alt=\"\" width=\"300\" height=\"225\" srcset=\"https:\/\/www.montendre.se\/wp-content\/uploads\/2018\/07\/IMG_7653-300x225.jpg 300w, https:\/\/www.montendre.se\/wp-content\/uploads\/2018\/07\/IMG_7653-768x576.jpg 768w, https:\/\/www.montendre.se\/wp-content\/uploads\/2018\/07\/IMG_7653-1024x768.jpg 1024w, https:\/\/www.montendre.se\/wp-content\/uploads\/2018\/07\/IMG_7653-268x200.jpg 268w, https:\/\/www.montendre.se\/wp-content\/uploads\/2018\/07\/IMG_7653-700x525.jpg 700w, https:\/\/www.montendre.se\/wp-content\/uploads\/2018\/07\/IMG_7653.jpg 1280w\" sizes=\"(max-width: 300px) 100vw, 300px\" \/><\/a><\/p>\n<p>Middag p\u00e5 Talmelier.<\/p>\n","protected":false},"excerpt":{"rendered":"<p>V\u00e4xlande molnighet och 25 grader som mest. M\u00e5lat lite mer p\u00e5 lister i badrummet. P\u00e5b\u00f6rjade omkittning av sista f\u00f6nstret p\u00e5 ovanv\u00e5ningen (balkongd\u00f6rrar kvarst\u00e5r). Fixade i tr\u00e4dg\u00e5rden, jag tog ett tag p\u00e5 tujah\u00e4cken och L i rabatterna. Hittade en liten d\u00f6d n\u00e4bbmus i gr\u00e4smattan. Middag p\u00e5 Talmelier.<\/p>\n","protected":false},"author":1,"featured_media":0,"comment_status":"open","ping_status":"open","sticky":false,"template":"","format":"standard","meta":{"jetpack_post_was_ever_published":false,"_jetpack_newsletter_access":"","_jetpack_dont_email_post_to_subs":false,"_jetpack_newsletter_tier_id":0,"footnotes":""},"categories":[54],"tags":[],"jetpack_sharing_enabled":true,"jetpack_featured_media_url":"","_links":{"self":[{"href":"https:\/\/www.montendre.se\/index.php?rest_route=\/wp\/v2\/posts\/3574"}],"collection":[{"href":"https:\/\/www.montendre.se\/index.php?rest_route=\/wp\/v2\/posts"}],"about":[{"href":"https:\/\/www.montendre.se\/index.php?rest_route=\/wp\/v2\/types\/post"}],"author":[{"embeddable":true,"href":"https:\/\/www.montendre.se\/index.php?rest_route=\/wp\/v2\/users\/1"}],"replies":[{"embeddable":true,"href":"https:\/\/www.montendre.se\/index.php?rest_route=%2Fwp%2Fv2%2Fcomments&post=3574"}],"version-history":[{"count":1,"href":"https:\/\/www.montendre.se\/index.php?rest_route=\/wp\/v2\/posts\/3574\/revisions"}],"predecessor-version":[{"id":3576,"href":"https:\/\/www.montendre.se\/index.php?rest_route=\/wp\/v2\/posts\/3574\/revisions\/3576"}],"wp:attachment":[{"href":"https:\/\/www.montendre.se\/index.php?rest_route=%2Fwp%2Fv2%2Fmedia&parent=3574"}],"wp:term":[{"taxonomy":"category","embeddable":true,"href":"https:\/\/www.montendre.se\/index.php?rest_route=%2Fwp%2Fv2%2Fcategories&post=3574"},{"taxonomy":"post_tag","embeddable":true,"href":"https:\/\/www.montendre.se\/index.php?rest_route=%2Fwp%2Fv2%2Ftags&post=3574"}],"curies":[{"name":"wp","href":"https:\/\/api.w.org\/{rel}","templated":true}]}}