{"id":3509,"date":"2018-05-11T19:22:42","date_gmt":"2018-05-11T17:22:42","guid":{"rendered":"https:\/\/www.montendre.se\/?p=3509"},"modified":"2018-05-11T21:17:07","modified_gmt":"2018-05-11T19:17:07","slug":"11-maj-2018","status":"publish","type":"post","link":"https:\/\/www.montendre.se\/?p=3509","title":{"rendered":"11 maj 2018"},"content":{"rendered":"<p>Kom ner sent ig\u00e5r. Var vid huset kvart \u00f6ver tio tror jag. K\u00e4kade lite pasta hemma bara.<\/p>\n<p>Idag har det varit r\u00e4tt fint v\u00e4der fram till tre ungef\u00e4r sedan b\u00f6rjade det komma en del moln. 25 grader som h\u00f6gst.<\/p>\n<p>Jag har fixat med avloppet till handfatet i badrummet s\u00e5 nu g\u00e5r det att anv\u00e4nda. M\u00e5lat badrumsd\u00f6rren ocks\u00e5.<\/p>\n<p>Bytt knivar p\u00e5 klippo och fixat en hel del i tr\u00e4dg\u00e5rden. Planterat n\u00e5gra tomatplantor. Hoppas de g\u00e5r att sk\u00f6rda vid midsommar.<\/p>\n<p>Plommon p\u00e5 mirabelle-tr\u00e4det.<\/p>\n<p><a href=\"https:\/\/www.montendre.se\/wp-content\/uploads\/2018\/05\/IMG_7199.jpg\"><img loading=\"lazy\" decoding=\"async\" class=\"aligncenter size-medium wp-image-3511\" src=\"https:\/\/www.montendre.se\/wp-content\/uploads\/2018\/05\/IMG_7199-225x300.jpg\" alt=\"\" width=\"225\" height=\"300\" srcset=\"https:\/\/www.montendre.se\/wp-content\/uploads\/2018\/05\/IMG_7199-225x300.jpg 225w, https:\/\/www.montendre.se\/wp-content\/uploads\/2018\/05\/IMG_7199-768x1024.jpg 768w, https:\/\/www.montendre.se\/wp-content\/uploads\/2018\/05\/IMG_7199-700x933.jpg 700w, https:\/\/www.montendre.se\/wp-content\/uploads\/2018\/05\/IMG_7199.jpg 960w\" sizes=\"(max-width: 225px) 100vw, 225px\" \/><\/a><\/p>\n<p>N\u00e5gra k\u00f6rsb\u00e4r men det verkar som f\u00e5glarna \u00e4ter upp det mesta.<\/p>\n<p><a href=\"https:\/\/www.montendre.se\/wp-content\/uploads\/2018\/05\/IMG_7200.jpg\"><img loading=\"lazy\" decoding=\"async\" class=\"aligncenter size-medium wp-image-3512\" src=\"https:\/\/www.montendre.se\/wp-content\/uploads\/2018\/05\/IMG_7200-225x300.jpg\" alt=\"\" width=\"225\" height=\"300\" srcset=\"https:\/\/www.montendre.se\/wp-content\/uploads\/2018\/05\/IMG_7200-225x300.jpg 225w, https:\/\/www.montendre.se\/wp-content\/uploads\/2018\/05\/IMG_7200-768x1024.jpg 768w, https:\/\/www.montendre.se\/wp-content\/uploads\/2018\/05\/IMG_7200-700x933.jpg 700w, https:\/\/www.montendre.se\/wp-content\/uploads\/2018\/05\/IMG_7200.jpg 960w\" sizes=\"(max-width: 225px) 100vw, 225px\" \/><\/a><\/p>\n<p>Nya valn\u00f6tstr\u00e4dets \u00f6versta grenar verkar d\u00f6da tr\u00e5kigt nog.<\/p>\n<p><a href=\"https:\/\/www.montendre.se\/wp-content\/uploads\/2018\/05\/IMG_7202.jpg\"><img loading=\"lazy\" decoding=\"async\" class=\"aligncenter size-medium wp-image-3513\" src=\"https:\/\/www.montendre.se\/wp-content\/uploads\/2018\/05\/IMG_7202-225x300.jpg\" alt=\"\" width=\"225\" height=\"300\" srcset=\"https:\/\/www.montendre.se\/wp-content\/uploads\/2018\/05\/IMG_7202-225x300.jpg 225w, https:\/\/www.montendre.se\/wp-content\/uploads\/2018\/05\/IMG_7202-768x1024.jpg 768w, https:\/\/www.montendre.se\/wp-content\/uploads\/2018\/05\/IMG_7202-700x933.jpg 700w, https:\/\/www.montendre.se\/wp-content\/uploads\/2018\/05\/IMG_7202.jpg 960w\" sizes=\"(max-width: 225px) 100vw, 225px\" \/><\/a><\/p>\n<p>Magnoliatr\u00e4det har n\u00e5gra knoppar.<\/p>\n<p><a href=\"https:\/\/www.montendre.se\/wp-content\/uploads\/2018\/05\/IMG_7201.jpg\"><img loading=\"lazy\" decoding=\"async\" class=\"aligncenter size-medium wp-image-3514\" src=\"https:\/\/www.montendre.se\/wp-content\/uploads\/2018\/05\/IMG_7201-225x300.jpg\" alt=\"\" width=\"225\" height=\"300\" srcset=\"https:\/\/www.montendre.se\/wp-content\/uploads\/2018\/05\/IMG_7201-225x300.jpg 225w, https:\/\/www.montendre.se\/wp-content\/uploads\/2018\/05\/IMG_7201-768x1024.jpg 768w, https:\/\/www.montendre.se\/wp-content\/uploads\/2018\/05\/IMG_7201-700x933.jpg 700w, https:\/\/www.montendre.se\/wp-content\/uploads\/2018\/05\/IMG_7201.jpg 960w\" sizes=\"(max-width: 225px) 100vw, 225px\" \/><\/a><\/p>\n<p>Massor av s\u00f6mntutor och blommande timjan och de lila, kl\u00f6verliknande blommorna.<\/p>\n<p><a href=\"https:\/\/www.montendre.se\/wp-content\/uploads\/2018\/05\/IMG_7204.jpg\"><img loading=\"lazy\" decoding=\"async\" class=\"aligncenter size-medium wp-image-3515\" src=\"https:\/\/www.montendre.se\/wp-content\/uploads\/2018\/05\/IMG_7204-300x225.jpg\" alt=\"\" width=\"300\" height=\"225\" srcset=\"https:\/\/www.montendre.se\/wp-content\/uploads\/2018\/05\/IMG_7204-300x225.jpg 300w, https:\/\/www.montendre.se\/wp-content\/uploads\/2018\/05\/IMG_7204-768x576.jpg 768w, https:\/\/www.montendre.se\/wp-content\/uploads\/2018\/05\/IMG_7204-1024x768.jpg 1024w, https:\/\/www.montendre.se\/wp-content\/uploads\/2018\/05\/IMG_7204-268x200.jpg 268w, https:\/\/www.montendre.se\/wp-content\/uploads\/2018\/05\/IMG_7204-700x525.jpg 700w, https:\/\/www.montendre.se\/wp-content\/uploads\/2018\/05\/IMG_7204.jpg 1280w\" sizes=\"(max-width: 300px) 100vw, 300px\" \/><\/a><\/p>\n<p>Doftschersminen blommar ocks\u00e5.<\/p>\n<p><a href=\"https:\/\/www.montendre.se\/wp-content\/uploads\/2018\/05\/IMG_7205.jpg\"><img loading=\"lazy\" decoding=\"async\" class=\"aligncenter size-medium wp-image-3516\" src=\"https:\/\/www.montendre.se\/wp-content\/uploads\/2018\/05\/IMG_7205-225x300.jpg\" alt=\"\" width=\"225\" height=\"300\" srcset=\"https:\/\/www.montendre.se\/wp-content\/uploads\/2018\/05\/IMG_7205-225x300.jpg 225w, https:\/\/www.montendre.se\/wp-content\/uploads\/2018\/05\/IMG_7205-768x1024.jpg 768w, https:\/\/www.montendre.se\/wp-content\/uploads\/2018\/05\/IMG_7205-700x933.jpg 700w, https:\/\/www.montendre.se\/wp-content\/uploads\/2018\/05\/IMG_7205.jpg 960w\" sizes=\"(max-width: 225px) 100vw, 225px\" \/><\/a><\/p>\n<p>Middag p\u00e5 creperiet.<\/p>\n","protected":false},"excerpt":{"rendered":"<p>Kom ner sent ig\u00e5r. Var vid huset kvart \u00f6ver tio tror jag. K\u00e4kade lite pasta hemma bara. Idag har det varit r\u00e4tt fint v\u00e4der fram till tre ungef\u00e4r sedan b\u00f6rjade det komma en del moln. 25 grader som h\u00f6gst. Jag har fixat med avloppet till handfatet i badrummet s\u00e5 nu &#8230;<\/p>\n","protected":false},"author":1,"featured_media":0,"comment_status":"open","ping_status":"open","sticky":false,"template":"","format":"standard","meta":{"jetpack_post_was_ever_published":false,"_jetpack_newsletter_access":"","_jetpack_dont_email_post_to_subs":false,"_jetpack_newsletter_tier_id":0,"footnotes":""},"categories":[52],"tags":[],"jetpack_sharing_enabled":true,"jetpack_featured_media_url":"","_links":{"self":[{"href":"https:\/\/www.montendre.se\/index.php?rest_route=\/wp\/v2\/posts\/3509"}],"collection":[{"href":"https:\/\/www.montendre.se\/index.php?rest_route=\/wp\/v2\/posts"}],"about":[{"href":"https:\/\/www.montendre.se\/index.php?rest_route=\/wp\/v2\/types\/post"}],"author":[{"embeddable":true,"href":"https:\/\/www.montendre.se\/index.php?rest_route=\/wp\/v2\/users\/1"}],"replies":[{"embeddable":true,"href":"https:\/\/www.montendre.se\/index.php?rest_route=%2Fwp%2Fv2%2Fcomments&post=3509"}],"version-history":[{"count":3,"href":"https:\/\/www.montendre.se\/index.php?rest_route=\/wp\/v2\/posts\/3509\/revisions"}],"predecessor-version":[{"id":3518,"href":"https:\/\/www.montendre.se\/index.php?rest_route=\/wp\/v2\/posts\/3509\/revisions\/3518"}],"wp:attachment":[{"href":"https:\/\/www.montendre.se\/index.php?rest_route=%2Fwp%2Fv2%2Fmedia&parent=3509"}],"wp:term":[{"taxonomy":"category","embeddable":true,"href":"https:\/\/www.montendre.se\/index.php?rest_route=%2Fwp%2Fv2%2Fcategories&post=3509"},{"taxonomy":"post_tag","embeddable":true,"href":"https:\/\/www.montendre.se\/index.php?rest_route=%2Fwp%2Fv2%2Ftags&post=3509"}],"curies":[{"name":"wp","href":"https:\/\/api.w.org\/{rel}","templated":true}]}}