{"id":3496,"date":"2018-03-31T21:10:46","date_gmt":"2018-03-31T19:10:46","guid":{"rendered":"https:\/\/www.montendre.se\/?p=3496"},"modified":"2018-03-31T21:10:46","modified_gmt":"2018-03-31T19:10:46","slug":"31-mars-2018","status":"publish","type":"post","link":"https:\/\/www.montendre.se\/?p=3496","title":{"rendered":"31 mars 2018"},"content":{"rendered":"<p>Regnigt p\u00e5 f\u00f6rmiddagen och lite sol p\u00e5 eftermiddagen. Men kallt och bl\u00e5sigt.<\/p>\n<p>M\u00e5lat badrummet tv\u00e5 lager (grund och kul\u00f6r).<\/p>\n<p><a href=\"https:\/\/www.montendre.se\/wp-content\/uploads\/2018\/03\/IMG_7004.jpg\"><img loading=\"lazy\" decoding=\"async\" class=\"aligncenter size-medium wp-image-3497\" src=\"https:\/\/www.montendre.se\/wp-content\/uploads\/2018\/03\/IMG_7004-300x225.jpg\" alt=\"\" width=\"300\" height=\"225\" srcset=\"https:\/\/www.montendre.se\/wp-content\/uploads\/2018\/03\/IMG_7004-300x225.jpg 300w, https:\/\/www.montendre.se\/wp-content\/uploads\/2018\/03\/IMG_7004-768x576.jpg 768w, https:\/\/www.montendre.se\/wp-content\/uploads\/2018\/03\/IMG_7004-1024x768.jpg 1024w, https:\/\/www.montendre.se\/wp-content\/uploads\/2018\/03\/IMG_7004-268x200.jpg 268w, https:\/\/www.montendre.se\/wp-content\/uploads\/2018\/03\/IMG_7004-700x525.jpg 700w, https:\/\/www.montendre.se\/wp-content\/uploads\/2018\/03\/IMG_7004.jpg 1280w\" sizes=\"(max-width: 300px) 100vw, 300px\" \/><\/a><\/p>\n<p>Grundm\u00e5lat badrumsd\u00f6rren ocks\u00e5.<\/p>\n<p>L har planterat lite blommor och rensat ogr\u00e4s.<\/p>\n<p><a href=\"https:\/\/www.montendre.se\/wp-content\/uploads\/2018\/03\/IMG_7006.jpg\"><img loading=\"lazy\" decoding=\"async\" class=\"aligncenter size-medium wp-image-3499\" src=\"https:\/\/www.montendre.se\/wp-content\/uploads\/2018\/03\/IMG_7006-300x225.jpg\" alt=\"\" width=\"300\" height=\"225\" srcset=\"https:\/\/www.montendre.se\/wp-content\/uploads\/2018\/03\/IMG_7006-300x225.jpg 300w, https:\/\/www.montendre.se\/wp-content\/uploads\/2018\/03\/IMG_7006-768x576.jpg 768w, https:\/\/www.montendre.se\/wp-content\/uploads\/2018\/03\/IMG_7006-1024x768.jpg 1024w, https:\/\/www.montendre.se\/wp-content\/uploads\/2018\/03\/IMG_7006-268x200.jpg 268w, https:\/\/www.montendre.se\/wp-content\/uploads\/2018\/03\/IMG_7006-700x525.jpg 700w, https:\/\/www.montendre.se\/wp-content\/uploads\/2018\/03\/IMG_7006.jpg 1280w\" sizes=\"(max-width: 300px) 100vw, 300px\" \/><\/a>Middag p\u00e5 creperiet.<\/p>\n<p>&nbsp;<\/p>\n","protected":false},"excerpt":{"rendered":"<p>Regnigt p\u00e5 f\u00f6rmiddagen och lite sol p\u00e5 eftermiddagen. Men kallt och bl\u00e5sigt. M\u00e5lat badrummet tv\u00e5 lager (grund och kul\u00f6r). Grundm\u00e5lat badrumsd\u00f6rren ocks\u00e5. L har planterat lite blommor och rensat ogr\u00e4s. Middag p\u00e5 creperiet. &nbsp;<\/p>\n","protected":false},"author":1,"featured_media":0,"comment_status":"open","ping_status":"open","sticky":false,"template":"","format":"standard","meta":{"jetpack_post_was_ever_published":false,"_jetpack_newsletter_access":"","_jetpack_dont_email_post_to_subs":false,"_jetpack_newsletter_tier_id":0,"footnotes":""},"categories":[51],"tags":[],"jetpack_sharing_enabled":true,"jetpack_featured_media_url":"","_links":{"self":[{"href":"https:\/\/www.montendre.se\/index.php?rest_route=\/wp\/v2\/posts\/3496"}],"collection":[{"href":"https:\/\/www.montendre.se\/index.php?rest_route=\/wp\/v2\/posts"}],"about":[{"href":"https:\/\/www.montendre.se\/index.php?rest_route=\/wp\/v2\/types\/post"}],"author":[{"embeddable":true,"href":"https:\/\/www.montendre.se\/index.php?rest_route=\/wp\/v2\/users\/1"}],"replies":[{"embeddable":true,"href":"https:\/\/www.montendre.se\/index.php?rest_route=%2Fwp%2Fv2%2Fcomments&post=3496"}],"version-history":[{"count":2,"href":"https:\/\/www.montendre.se\/index.php?rest_route=\/wp\/v2\/posts\/3496\/revisions"}],"predecessor-version":[{"id":3500,"href":"https:\/\/www.montendre.se\/index.php?rest_route=\/wp\/v2\/posts\/3496\/revisions\/3500"}],"wp:attachment":[{"href":"https:\/\/www.montendre.se\/index.php?rest_route=%2Fwp%2Fv2%2Fmedia&parent=3496"}],"wp:term":[{"taxonomy":"category","embeddable":true,"href":"https:\/\/www.montendre.se\/index.php?rest_route=%2Fwp%2Fv2%2Fcategories&post=3496"},{"taxonomy":"post_tag","embeddable":true,"href":"https:\/\/www.montendre.se\/index.php?rest_route=%2Fwp%2Fv2%2Ftags&post=3496"}],"curies":[{"name":"wp","href":"https:\/\/api.w.org\/{rel}","templated":true}]}}