{"id":3444,"date":"2018-03-26T19:48:34","date_gmt":"2018-03-26T17:48:34","guid":{"rendered":"https:\/\/www.montendre.se\/?p=3444"},"modified":"2018-03-26T19:48:34","modified_gmt":"2018-03-26T17:48:34","slug":"26-mars-2018","status":"publish","type":"post","link":"https:\/\/www.montendre.se\/?p=3444","title":{"rendered":"26 mars 2018"},"content":{"rendered":"<p>Mest molnigt p\u00e5 fm sedan sol p\u00e5 em. 13 grader.<\/p>\n<p>Lackat lite mer golv i hallen nere.<\/p>\n<p>Satt upp lister och fogat lite runt d\u00f6rr\u00f6ppningarna i badrummet. F\u00f6rberedelser inf\u00f6r m\u00e5lning. \u00c4ven fogat mellan kakel och tak.<\/p>\n<p>Eftersom kaminen har varit sv\u00e5r att t\u00e4nda, det har alltid kr\u00e4vts en massa t\u00e4ndblock, s\u00e5 tog jag den h\u00e4r g\u00e5ngen med mig n\u00e5gra svenska bj\u00f6rkvedsbitar.<\/p>\n<p>Och n\u00e4r jag nu testade att elda med den svenska veden s\u00e5 var det precis som att elda i Sverige, ett par tidningssidor var allt som beh\u00f6vdes f\u00f6r att f\u00e5 fyr p\u00e5 kaminen. S\u00e5 d\u00e5 \u00e4r det allts\u00e5 den franska ekveden som \u00e4r sv\u00e5rt\u00e4nd. Kaminen fungerar bra. Kanske \u00e4r den sv\u00e5rt\u00e4nd f\u00f6r att det \u00e4r ett kompaktare tr\u00e4slag? Eller s\u00e5 \u00e4r den inte tillr\u00e4ckligt torr?<\/p>\n<p>Syns r\u00e4tt tydligt var Klippo slutar klippa:<\/p>\n<p><a href=\"https:\/\/www.montendre.se\/wp-content\/uploads\/2018\/03\/IMG_6957.jpg\"><img loading=\"lazy\" decoding=\"async\" class=\"aligncenter size-medium wp-image-3449\" src=\"https:\/\/www.montendre.se\/wp-content\/uploads\/2018\/03\/IMG_6957-300x225.jpg\" alt=\"\" width=\"300\" height=\"225\" srcset=\"https:\/\/www.montendre.se\/wp-content\/uploads\/2018\/03\/IMG_6957-300x225.jpg 300w, https:\/\/www.montendre.se\/wp-content\/uploads\/2018\/03\/IMG_6957-768x576.jpg 768w, https:\/\/www.montendre.se\/wp-content\/uploads\/2018\/03\/IMG_6957-1024x768.jpg 1024w, https:\/\/www.montendre.se\/wp-content\/uploads\/2018\/03\/IMG_6957-268x200.jpg 268w, https:\/\/www.montendre.se\/wp-content\/uploads\/2018\/03\/IMG_6957-700x525.jpg 700w, https:\/\/www.montendre.se\/wp-content\/uploads\/2018\/03\/IMG_6957.jpg 1280w\" sizes=\"(max-width: 300px) 100vw, 300px\" \/><\/a><\/p>\n<p>Och massor av sm\u00e5 pr\u00e4stkragar (heter s\u00e4kert n\u00e5got annat?) i gr\u00e4smattan:<\/p>\n<p><a href=\"https:\/\/www.montendre.se\/wp-content\/uploads\/2018\/03\/IMG_6955.jpg\"><img loading=\"lazy\" decoding=\"async\" class=\"aligncenter size-medium wp-image-3450\" src=\"https:\/\/www.montendre.se\/wp-content\/uploads\/2018\/03\/IMG_6955-225x300.jpg\" alt=\"\" width=\"225\" height=\"300\" srcset=\"https:\/\/www.montendre.se\/wp-content\/uploads\/2018\/03\/IMG_6955-225x300.jpg 225w, https:\/\/www.montendre.se\/wp-content\/uploads\/2018\/03\/IMG_6955-768x1024.jpg 768w, https:\/\/www.montendre.se\/wp-content\/uploads\/2018\/03\/IMG_6955-700x933.jpg 700w, https:\/\/www.montendre.se\/wp-content\/uploads\/2018\/03\/IMG_6955.jpg 960w\" sizes=\"(max-width: 225px) 100vw, 225px\" \/><\/a><\/p>\n<p>Och bilen:<\/p>\n<p><a href=\"https:\/\/www.montendre.se\/wp-content\/uploads\/2018\/03\/IMG_6959.jpg\"><img loading=\"lazy\" decoding=\"async\" class=\"aligncenter size-medium wp-image-3451\" src=\"https:\/\/www.montendre.se\/wp-content\/uploads\/2018\/03\/IMG_6959-300x225.jpg\" alt=\"\" width=\"300\" height=\"225\" srcset=\"https:\/\/www.montendre.se\/wp-content\/uploads\/2018\/03\/IMG_6959-300x225.jpg 300w, https:\/\/www.montendre.se\/wp-content\/uploads\/2018\/03\/IMG_6959-768x576.jpg 768w, https:\/\/www.montendre.se\/wp-content\/uploads\/2018\/03\/IMG_6959-1024x768.jpg 1024w, https:\/\/www.montendre.se\/wp-content\/uploads\/2018\/03\/IMG_6959-268x200.jpg 268w, https:\/\/www.montendre.se\/wp-content\/uploads\/2018\/03\/IMG_6959-700x525.jpg 700w, https:\/\/www.montendre.se\/wp-content\/uploads\/2018\/03\/IMG_6959.jpg 1280w\" sizes=\"(max-width: 300px) 100vw, 300px\" \/><\/a><\/p>\n<p>Inte s\u00e5 stor egentligen men k\u00e4nns som en stridsvagn.<\/p>\n<p>S\u00e5tt lite gr\u00e4s ocks\u00e5.<\/p>\n<p>Middag hemma.<\/p>\n","protected":false},"excerpt":{"rendered":"<p>Mest molnigt p\u00e5 fm sedan sol p\u00e5 em. 13 grader. Lackat lite mer golv i hallen nere. Satt upp lister och fogat lite runt d\u00f6rr\u00f6ppningarna i badrummet. F\u00f6rberedelser inf\u00f6r m\u00e5lning. \u00c4ven fogat mellan kakel och tak. Eftersom kaminen har varit sv\u00e5r att t\u00e4nda, det har alltid kr\u00e4vts en massa t\u00e4ndblock, &#8230;<\/p>\n","protected":false},"author":1,"featured_media":0,"comment_status":"open","ping_status":"open","sticky":false,"template":"","format":"standard","meta":{"jetpack_post_was_ever_published":false,"_jetpack_newsletter_access":"","_jetpack_dont_email_post_to_subs":false,"_jetpack_newsletter_tier_id":0,"footnotes":""},"categories":[51],"tags":[],"jetpack_sharing_enabled":true,"jetpack_featured_media_url":"","_links":{"self":[{"href":"https:\/\/www.montendre.se\/index.php?rest_route=\/wp\/v2\/posts\/3444"}],"collection":[{"href":"https:\/\/www.montendre.se\/index.php?rest_route=\/wp\/v2\/posts"}],"about":[{"href":"https:\/\/www.montendre.se\/index.php?rest_route=\/wp\/v2\/types\/post"}],"author":[{"embeddable":true,"href":"https:\/\/www.montendre.se\/index.php?rest_route=\/wp\/v2\/users\/1"}],"replies":[{"embeddable":true,"href":"https:\/\/www.montendre.se\/index.php?rest_route=%2Fwp%2Fv2%2Fcomments&post=3444"}],"version-history":[{"count":8,"href":"https:\/\/www.montendre.se\/index.php?rest_route=\/wp\/v2\/posts\/3444\/revisions"}],"predecessor-version":[{"id":3455,"href":"https:\/\/www.montendre.se\/index.php?rest_route=\/wp\/v2\/posts\/3444\/revisions\/3455"}],"wp:attachment":[{"href":"https:\/\/www.montendre.se\/index.php?rest_route=%2Fwp%2Fv2%2Fmedia&parent=3444"}],"wp:term":[{"taxonomy":"category","embeddable":true,"href":"https:\/\/www.montendre.se\/index.php?rest_route=%2Fwp%2Fv2%2Fcategories&post=3444"},{"taxonomy":"post_tag","embeddable":true,"href":"https:\/\/www.montendre.se\/index.php?rest_route=%2Fwp%2Fv2%2Ftags&post=3444"}],"curies":[{"name":"wp","href":"https:\/\/api.w.org\/{rel}","templated":true}]}}