{"id":3411,"date":"2018-02-21T19:28:39","date_gmt":"2018-02-21T18:28:39","guid":{"rendered":"https:\/\/www.montendre.se\/?p=3411"},"modified":"2018-02-21T19:28:39","modified_gmt":"2018-02-21T18:28:39","slug":"21-februari-2018","status":"publish","type":"post","link":"https:\/\/www.montendre.se\/?p=3411","title":{"rendered":"21 februari 2018"},"content":{"rendered":"<p>Soligt men kallt. En iskall nordlig vind. Bara sju grader trots solen.<\/p>\n<p>Kaklade sista bitarna p\u00e5 sockeln.\u00a0Fogat mellan golv och v\u00e4gg.<\/p>\n<p><a href=\"https:\/\/www.montendre.se\/wp-content\/uploads\/2018\/02\/IMG_6790.jpg\"><img loading=\"lazy\" decoding=\"async\" class=\"aligncenter size-medium wp-image-3415\" src=\"https:\/\/www.montendre.se\/wp-content\/uploads\/2018\/02\/IMG_6790-300x225.jpg\" alt=\"\" width=\"300\" height=\"225\" srcset=\"https:\/\/www.montendre.se\/wp-content\/uploads\/2018\/02\/IMG_6790-300x225.jpg 300w, https:\/\/www.montendre.se\/wp-content\/uploads\/2018\/02\/IMG_6790-768x576.jpg 768w, https:\/\/www.montendre.se\/wp-content\/uploads\/2018\/02\/IMG_6790-1024x768.jpg 1024w, https:\/\/www.montendre.se\/wp-content\/uploads\/2018\/02\/IMG_6790-268x200.jpg 268w, https:\/\/www.montendre.se\/wp-content\/uploads\/2018\/02\/IMG_6790-700x525.jpg 700w, https:\/\/www.montendre.se\/wp-content\/uploads\/2018\/02\/IMG_6790.jpg 1280w\" sizes=\"(max-width: 300px) 100vw, 300px\" \/><\/a><\/p>\n<p>Klippte vinet.\u00a0Fogat lite p\u00e5 hallv\u00e4gen ocks\u00e5.<\/p>\n<p>Under lilla taket vid uthuset f\u00f6rs\u00f6ker massa lindfr\u00f6n skapa sig ett nytt liv.<\/p>\n<p><a href=\"https:\/\/www.montendre.se\/wp-content\/uploads\/2018\/02\/IMG_6789.jpg\"><img loading=\"lazy\" decoding=\"async\" class=\"aligncenter size-medium wp-image-3416\" src=\"https:\/\/www.montendre.se\/wp-content\/uploads\/2018\/02\/IMG_6789-300x225.jpg\" alt=\"\" width=\"300\" height=\"225\" srcset=\"https:\/\/www.montendre.se\/wp-content\/uploads\/2018\/02\/IMG_6789-300x225.jpg 300w, https:\/\/www.montendre.se\/wp-content\/uploads\/2018\/02\/IMG_6789-768x576.jpg 768w, https:\/\/www.montendre.se\/wp-content\/uploads\/2018\/02\/IMG_6789-1024x768.jpg 1024w, https:\/\/www.montendre.se\/wp-content\/uploads\/2018\/02\/IMG_6789-268x200.jpg 268w, https:\/\/www.montendre.se\/wp-content\/uploads\/2018\/02\/IMG_6789-700x525.jpg 700w, https:\/\/www.montendre.se\/wp-content\/uploads\/2018\/02\/IMG_6789.jpg 1280w\" sizes=\"(max-width: 300px) 100vw, 300px\" \/><\/a><\/p>\n<p>Middag hemma.<\/p>\n<p>&nbsp;<\/p>\n","protected":false},"excerpt":{"rendered":"<p>Soligt men kallt. En iskall nordlig vind. Bara sju grader trots solen. Kaklade sista bitarna p\u00e5 sockeln.\u00a0Fogat mellan golv och v\u00e4gg. Klippte vinet.\u00a0Fogat lite p\u00e5 hallv\u00e4gen ocks\u00e5. Under lilla taket vid uthuset f\u00f6rs\u00f6ker massa lindfr\u00f6n skapa sig ett nytt liv. Middag hemma. &nbsp;<\/p>\n","protected":false},"author":1,"featured_media":0,"comment_status":"open","ping_status":"open","sticky":false,"template":"","format":"standard","meta":{"jetpack_post_was_ever_published":false,"_jetpack_newsletter_access":"","_jetpack_dont_email_post_to_subs":false,"_jetpack_newsletter_tier_id":0,"footnotes":""},"categories":[50],"tags":[],"jetpack_sharing_enabled":true,"jetpack_featured_media_url":"","_links":{"self":[{"href":"https:\/\/www.montendre.se\/index.php?rest_route=\/wp\/v2\/posts\/3411"}],"collection":[{"href":"https:\/\/www.montendre.se\/index.php?rest_route=\/wp\/v2\/posts"}],"about":[{"href":"https:\/\/www.montendre.se\/index.php?rest_route=\/wp\/v2\/types\/post"}],"author":[{"embeddable":true,"href":"https:\/\/www.montendre.se\/index.php?rest_route=\/wp\/v2\/users\/1"}],"replies":[{"embeddable":true,"href":"https:\/\/www.montendre.se\/index.php?rest_route=%2Fwp%2Fv2%2Fcomments&post=3411"}],"version-history":[{"count":4,"href":"https:\/\/www.montendre.se\/index.php?rest_route=\/wp\/v2\/posts\/3411\/revisions"}],"predecessor-version":[{"id":3417,"href":"https:\/\/www.montendre.se\/index.php?rest_route=\/wp\/v2\/posts\/3411\/revisions\/3417"}],"wp:attachment":[{"href":"https:\/\/www.montendre.se\/index.php?rest_route=%2Fwp%2Fv2%2Fmedia&parent=3411"}],"wp:term":[{"taxonomy":"category","embeddable":true,"href":"https:\/\/www.montendre.se\/index.php?rest_route=%2Fwp%2Fv2%2Fcategories&post=3411"},{"taxonomy":"post_tag","embeddable":true,"href":"https:\/\/www.montendre.se\/index.php?rest_route=%2Fwp%2Fv2%2Ftags&post=3411"}],"curies":[{"name":"wp","href":"https:\/\/api.w.org\/{rel}","templated":true}]}}