{"id":336,"date":"2013-01-11T21:02:10","date_gmt":"2013-01-11T20:02:10","guid":{"rendered":"http:\/\/www.montendre.se\/?p=336"},"modified":"2013-07-17T14:52:53","modified_gmt":"2013-07-17T12:52:53","slug":"11-januari-2013","status":"publish","type":"post","link":"https:\/\/www.montendre.se\/?p=336","title":{"rendered":"11 januari 2013"},"content":{"rendered":"<p>Spacklat och slipat i hallen idag. Fixat lite med &#8221;br\u00e4derna&#8221; i trappen ocks\u00e5. Tagit bort tapetrester.<\/p>\n<p>Hyvlat lite p\u00e5 ytterd\u00f6rren s\u00e5 att den ska g\u00e5 att anv\u00e4nda igen.<\/p>\n<p>Testade att \u00f6ppna luckorna till eldstaden i stora sovrummet h\u00e4r nere. D\u00e4r var det fullt med skit kan man s\u00e4ga&#8230;<\/p>\n<p><a href=\"http:\/\/www.montendre.se\/wp-content\/uploads\/2013\/01\/IMG_2405.jpg\"><img loading=\"lazy\" decoding=\"async\" class=\"aligncenter size-medium wp-image-337\" title=\"IMG_2405\" src=\"http:\/\/www.montendre.se\/wp-content\/uploads\/2013\/01\/IMG_2405-300x225.jpg\" alt=\"\" width=\"300\" height=\"225\" srcset=\"https:\/\/www.montendre.se\/wp-content\/uploads\/2013\/01\/IMG_2405-300x225.jpg 300w, https:\/\/www.montendre.se\/wp-content\/uploads\/2013\/01\/IMG_2405-1024x768.jpg 1024w, https:\/\/www.montendre.se\/wp-content\/uploads\/2013\/01\/IMG_2405-268x200.jpg 268w, https:\/\/www.montendre.se\/wp-content\/uploads\/2013\/01\/IMG_2405-700x525.jpg 700w\" sizes=\"(max-width: 300px) 100vw, 300px\" \/><\/a><\/p>\n<p>Var tvungen att t\u00f6mma en hel del f\u00f6r att kunna st\u00e4nga luckorna igen. Tidningarna som anv\u00e4nds som t\u00e4tning \u00e4r fr\u00e5n 1976 s\u00e5 f\u00f6rre \u00e4garen har ju inte anv\u00e4nt spisen sedan dess i alla fall. Pratade med grannarna om de k\u00e4nde n\u00e5gon murare som kan mura upp den skorsten som saknas. F\u00e5r se om de kommer p\u00e5 n\u00e5gon.<\/p>\n<p>Gick f\u00f6rbi r\u00f6rmokaren och betalade f\u00f6r att han ska komma och fixa handfatet p\u00e5 toan i slutet p\u00e5 mars.<\/p>\n<p>Ringde snickaren igen och han ska komma f\u00f6rbi i morgon och fixa golvet. L\u00e4r v\u00e4l se hemskt ut med nya br\u00e4der men det blir ju s\u00e4krare i alla fall. S\u00e5 kanske man kan byta ut dem senare om tycker det \u00e4r allt f\u00f6r fult. D\u00e5 har i alla fall reglarna under fixats till.<\/p>\n<p>Soligt hela dagen. Sk\u00f6nt. Runt 10 grader. Gick in till Georges och Lucette och satt och pratade en stund\u00a0p\u00e5 kv\u00e4llskvisten.<\/p>\n","protected":false},"excerpt":{"rendered":"<p>Spacklat och slipat i hallen idag. Fixat lite med &#8221;br\u00e4derna&#8221; i trappen ocks\u00e5. Tagit bort tapetrester. Hyvlat lite p\u00e5 ytterd\u00f6rren s\u00e5 att den ska g\u00e5 att anv\u00e4nda igen. Testade att \u00f6ppna luckorna till eldstaden i stora sovrummet h\u00e4r nere. D\u00e4r var det fullt med skit kan man s\u00e4ga&#8230; Var tvungen &#8230;<\/p>\n","protected":false},"author":1,"featured_media":0,"comment_status":"open","ping_status":"open","sticky":false,"template":"","format":"standard","meta":{"jetpack_post_was_ever_published":false,"_jetpack_newsletter_access":"","_jetpack_dont_email_post_to_subs":false,"_jetpack_newsletter_tier_id":0,"footnotes":""},"categories":[8],"tags":[],"jetpack_sharing_enabled":true,"jetpack_featured_media_url":"","_links":{"self":[{"href":"https:\/\/www.montendre.se\/index.php?rest_route=\/wp\/v2\/posts\/336"}],"collection":[{"href":"https:\/\/www.montendre.se\/index.php?rest_route=\/wp\/v2\/posts"}],"about":[{"href":"https:\/\/www.montendre.se\/index.php?rest_route=\/wp\/v2\/types\/post"}],"author":[{"embeddable":true,"href":"https:\/\/www.montendre.se\/index.php?rest_route=\/wp\/v2\/users\/1"}],"replies":[{"embeddable":true,"href":"https:\/\/www.montendre.se\/index.php?rest_route=%2Fwp%2Fv2%2Fcomments&post=336"}],"version-history":[{"count":5,"href":"https:\/\/www.montendre.se\/index.php?rest_route=\/wp\/v2\/posts\/336\/revisions"}],"predecessor-version":[{"id":605,"href":"https:\/\/www.montendre.se\/index.php?rest_route=\/wp\/v2\/posts\/336\/revisions\/605"}],"wp:attachment":[{"href":"https:\/\/www.montendre.se\/index.php?rest_route=%2Fwp%2Fv2%2Fmedia&parent=336"}],"wp:term":[{"taxonomy":"category","embeddable":true,"href":"https:\/\/www.montendre.se\/index.php?rest_route=%2Fwp%2Fv2%2Fcategories&post=336"},{"taxonomy":"post_tag","embeddable":true,"href":"https:\/\/www.montendre.se\/index.php?rest_route=%2Fwp%2Fv2%2Ftags&post=336"}],"curies":[{"name":"wp","href":"https:\/\/api.w.org\/{rel}","templated":true}]}}