{"id":3353,"date":"2018-01-04T23:22:31","date_gmt":"2018-01-04T22:22:31","guid":{"rendered":"https:\/\/www.montendre.se\/?p=3353"},"modified":"2018-01-04T23:23:19","modified_gmt":"2018-01-04T22:23:19","slug":"4-januari-2018","status":"publish","type":"post","link":"https:\/\/www.montendre.se\/?p=3353","title":{"rendered":"4 januari 2018"},"content":{"rendered":"<p>R\u00e4tt bl\u00e5sigt idag ocks\u00e5 och en del regn. Inget vidare v\u00e4der.<\/p>\n<p>Borrat h\u00e5l och fixat skruvar f\u00f6r handduksstorken.<\/p>\n<p>Fogat runt omkring handdukstorken och kaklat n\u00e5gra plattor n\u00e4rmast taket. I morgon kommer elektrikern och kopplar in handdukstorken.<\/p>\n<p><a href=\"https:\/\/www.montendre.se\/wp-content\/uploads\/2018\/01\/IMG_6575.jpg\"><img loading=\"lazy\" decoding=\"async\" class=\"aligncenter size-medium wp-image-3355\" src=\"https:\/\/www.montendre.se\/wp-content\/uploads\/2018\/01\/IMG_6575-225x300.jpg\" alt=\"IMG_6575\" width=\"225\" height=\"300\" srcset=\"https:\/\/www.montendre.se\/wp-content\/uploads\/2018\/01\/IMG_6575-225x300.jpg 225w, https:\/\/www.montendre.se\/wp-content\/uploads\/2018\/01\/IMG_6575-768x1024.jpg 768w, https:\/\/www.montendre.se\/wp-content\/uploads\/2018\/01\/IMG_6575-700x933.jpg 700w, https:\/\/www.montendre.se\/wp-content\/uploads\/2018\/01\/IMG_6575.jpg 960w\" sizes=\"(max-width: 225px) 100vw, 225px\" \/><\/a><\/p>\n<p><a href=\"https:\/\/www.montendre.se\/wp-content\/uploads\/2018\/01\/IMG_6577.jpg\"><img loading=\"lazy\" decoding=\"async\" class=\"aligncenter size-medium wp-image-3356\" src=\"https:\/\/www.montendre.se\/wp-content\/uploads\/2018\/01\/IMG_6577-300x225.jpg\" alt=\"IMG_6577\" width=\"300\" height=\"225\" srcset=\"https:\/\/www.montendre.se\/wp-content\/uploads\/2018\/01\/IMG_6577-300x225.jpg 300w, https:\/\/www.montendre.se\/wp-content\/uploads\/2018\/01\/IMG_6577-1024x768.jpg 1024w, https:\/\/www.montendre.se\/wp-content\/uploads\/2018\/01\/IMG_6577-268x200.jpg 268w, https:\/\/www.montendre.se\/wp-content\/uploads\/2018\/01\/IMG_6577-700x525.jpg 700w, https:\/\/www.montendre.se\/wp-content\/uploads\/2018\/01\/IMG_6577.jpg 1280w\" sizes=\"(max-width: 300px) 100vw, 300px\" \/><\/a><\/p>\n<p>Det blev vit fog!<\/p>\n<p>Middag hemma.<\/p>\n<p>&nbsp;<\/p>\n","protected":false},"excerpt":{"rendered":"<p>R\u00e4tt bl\u00e5sigt idag ocks\u00e5 och en del regn. Inget vidare v\u00e4der. Borrat h\u00e5l och fixat skruvar f\u00f6r handduksstorken. Fogat runt omkring handdukstorken och kaklat n\u00e5gra plattor n\u00e4rmast taket. I morgon kommer elektrikern och kopplar in handdukstorken. Det blev vit fog! Middag hemma. &nbsp;<\/p>\n","protected":false},"author":1,"featured_media":0,"comment_status":"open","ping_status":"open","sticky":false,"template":"","format":"standard","meta":{"jetpack_post_was_ever_published":false,"_jetpack_newsletter_access":"","_jetpack_dont_email_post_to_subs":false,"_jetpack_newsletter_tier_id":0,"footnotes":""},"categories":[49],"tags":[],"jetpack_sharing_enabled":true,"jetpack_featured_media_url":"","_links":{"self":[{"href":"https:\/\/www.montendre.se\/index.php?rest_route=\/wp\/v2\/posts\/3353"}],"collection":[{"href":"https:\/\/www.montendre.se\/index.php?rest_route=\/wp\/v2\/posts"}],"about":[{"href":"https:\/\/www.montendre.se\/index.php?rest_route=\/wp\/v2\/types\/post"}],"author":[{"embeddable":true,"href":"https:\/\/www.montendre.se\/index.php?rest_route=\/wp\/v2\/users\/1"}],"replies":[{"embeddable":true,"href":"https:\/\/www.montendre.se\/index.php?rest_route=%2Fwp%2Fv2%2Fcomments&post=3353"}],"version-history":[{"count":4,"href":"https:\/\/www.montendre.se\/index.php?rest_route=\/wp\/v2\/posts\/3353\/revisions"}],"predecessor-version":[{"id":3359,"href":"https:\/\/www.montendre.se\/index.php?rest_route=\/wp\/v2\/posts\/3353\/revisions\/3359"}],"wp:attachment":[{"href":"https:\/\/www.montendre.se\/index.php?rest_route=%2Fwp%2Fv2%2Fmedia&parent=3353"}],"wp:term":[{"taxonomy":"category","embeddable":true,"href":"https:\/\/www.montendre.se\/index.php?rest_route=%2Fwp%2Fv2%2Fcategories&post=3353"},{"taxonomy":"post_tag","embeddable":true,"href":"https:\/\/www.montendre.se\/index.php?rest_route=%2Fwp%2Fv2%2Ftags&post=3353"}],"curies":[{"name":"wp","href":"https:\/\/api.w.org\/{rel}","templated":true}]}}